{"id":51770,"date":"2022-05-27T16:10:06","date_gmt":"2022-05-27T19:10:06","guid":{"rendered":"https:\/\/www.itba.edu.ar\/intranet\/ti\/?p=51770"},"modified":"2022-05-27T18:54:33","modified_gmt":"2022-05-27T21:54:33","slug":"reacondicionamiento-puesto-de-trabajo-ti","status":"publish","type":"post","link":"https:\/\/www.itba.edu.ar\/intranet\/ti\/reacondicionamiento-puesto-de-trabajo-ti\/","title":{"rendered":"reacondicionamiento puesto de trabajo ti"},"content":{"rendered":"<p>[et_pb_section fb_built=\u00bb1&#8243; _builder_version=\u00bb4.17.4&#8243; _module_preset=\u00bbdefault\u00bb global_colors_info=\u00bb{}\u00bb][et_pb_row _builder_version=\u00bb4.17.4&#8243; _module_preset=\u00bbdefault\u00bb global_colors_info=\u00bb{}\u00bb][et_pb_column type=\u00bb4_4&#8243; _builder_version=\u00bb4.17.4&#8243; _module_preset=\u00bbdefault\u00bb global_colors_info=\u00bb{}\u00bb][et_pb_text _builder_version=\u00bb4.17.4&#8243; _module_preset=\u00bbdefault\u00bb header_font=\u00bbMontserrat|900||on|||||\u00bb header_text_align=\u00bbcenter\u00bb header_text_color=\u00bb#606060&#8243; header_font_size=\u00bb70px\u00bb header_2_font=\u00bbMontserrat||||||||\u00bb header_2_text_align=\u00bbcenter\u00bb header_2_text_color=\u00bb#606060&#8243; header_2_font_size=\u00bb70px\u00bb hover_enabled=\u00bb0&#8243; header_font_size_tablet=\u00bb70px\u00bb header_font_size_phone=\u00bb30px\u00bb header_font_size_last_edited=\u00bbon|phone\u00bb header_2_font_size_tablet=\u00bb30px\u00bb header_2_font_size_phone=\u00bb17px\u00bb header_2_font_size_last_edited=\u00bbon|phone\u00bb global_colors_info=\u00bb{}\u00bb sticky_enabled=\u00bb0&#8243; text_font_size_last_edited=\u00bbon|phone\u00bb text_font_size_tablet=\u00bb10px\u00bb text_font_size_phone=\u00bb10px\u00bb]<\/p>\n<h2>REACONDICIONAMIENTO<\/h2>\n<h1>PUESTO DE TRABAJO TI<\/h1>\n<p>[\/et_pb_text][\/et_pb_column][\/et_pb_row][\/et_pb_section][et_pb_section fb_built=\u00bb1&#8243; _builder_version=\u00bb4.17.4&#8243; _module_preset=\u00bbdefault\u00bb custom_padding=\u00bb0px||0px|||\u00bb global_colors_info=\u00bb{}\u00bb][et_pb_row column_structure=\u00bb1_2,1_2&#8243; _builder_version=\u00bb4.17.4&#8243; _module_preset=\u00bbdefault\u00bb custom_padding=\u00bb||0px|||\u00bb global_colors_info=\u00bb{}\u00bb][et_pb_column type=\u00bb1_2&#8243; _builder_version=\u00bb4.17.4&#8243; _module_preset=\u00bbdefault\u00bb global_colors_info=\u00bb{}\u00bb][et_pb_image src=\u00bbhttps:\/\/intranet-nv.s3.amazonaws.com\/wp-content\/uploads\/sites\/2\/2022\/05\/Reacondicionamiento-de-laptops-07.jpg\u00bb title_text=\u00bbReacondicionamiento de laptops-07&#8243; align=\u00bbcenter\u00bb _builder_version=\u00bb4.17.4&#8243; _module_preset=\u00bbdefault\u00bb global_colors_info=\u00bb{}\u00bb][\/et_pb_image][\/et_pb_column][et_pb_column type=\u00bb1_2&#8243; _builder_version=\u00bb4.17.4&#8243; _module_preset=\u00bbdefault\u00bb global_colors_info=\u00bb{}\u00bb][et_pb_divider show_divider=\u00bboff\u00bb _builder_version=\u00bb4.17.4&#8243; _module_preset=\u00bbdefault\u00bb custom_padding=\u00bb||80px|||\u00bb global_colors_info=\u00bb{}\u00bb][\/et_pb_divider][et_pb_text _builder_version=\u00bb4.17.4&#8243; _module_preset=\u00bbdefault\u00bb text_font=\u00bbMontserrat||||||||\u00bb text_font_size=\u00bb25px\u00bb global_colors_info=\u00bb{}\u00bb]<\/p>\n<p style=\"text-align: center;\"> \u00a1Queremos mejorar la experiencia<br \/>con tus herramientas de trabajo! <\/p>\n<p>[\/et_pb_text][\/et_pb_column][\/et_pb_row][et_pb_row column_structure=\u00bb1_2,1_2&#8243; _builder_version=\u00bb4.17.4&#8243; _module_preset=\u00bbdefault\u00bb custom_padding=\u00bb0px||0px|||\u00bb global_colors_info=\u00bb{}\u00bb][et_pb_column type=\u00bb1_2&#8243; _builder_version=\u00bb4.17.4&#8243; _module_preset=\u00bbdefault\u00bb global_colors_info=\u00bb{}\u00bb][et_pb_divider show_divider=\u00bboff\u00bb _builder_version=\u00bb4.17.4&#8243; _module_preset=\u00bbdefault\u00bb custom_padding=\u00bb||80px|||\u00bb global_colors_info=\u00bb{}\u00bb][\/et_pb_divider][et_pb_text _builder_version=\u00bb4.17.4&#8243; _module_preset=\u00bbdefault\u00bb text_font=\u00bbMontserrat||||||||\u00bb text_font_size=\u00bb25px\u00bb global_colors_info=\u00bb{}\u00bb]<\/p>\n<p style=\"text-align: center;\"> Si tenes problemas con tu Laptop <\/p>\n<p>[\/et_pb_text][\/et_pb_column][et_pb_column type=\u00bb1_2&#8243; _builder_version=\u00bb4.17.4&#8243; _module_preset=\u00bbdefault\u00bb global_colors_info=\u00bb{}\u00bb][et_pb_image src=\u00bbhttps:\/\/intranet-nv.s3.amazonaws.com\/wp-content\/uploads\/sites\/2\/2022\/05\/Reacondicionamiento-de-laptops-08.jpg\u00bb title_text=\u00bbReacondicionamiento de laptops-08&#8243; align=\u00bbcenter\u00bb _builder_version=\u00bb4.17.4&#8243; _module_preset=\u00bbdefault\u00bb global_colors_info=\u00bb{}\u00bb][\/et_pb_image][\/et_pb_column][\/et_pb_row][et_pb_row column_structure=\u00bb1_2,1_2&#8243; _builder_version=\u00bb4.17.4&#8243; _module_preset=\u00bbdefault\u00bb custom_padding=\u00bb0px||0px|||\u00bb global_colors_info=\u00bb{}\u00bb][et_pb_column type=\u00bb1_2&#8243; _builder_version=\u00bb4.17.4&#8243; _module_preset=\u00bbdefault\u00bb global_colors_info=\u00bb{}\u00bb][et_pb_image src=\u00bbhttps:\/\/intranet-nv.s3.amazonaws.com\/wp-content\/uploads\/sites\/2\/2022\/05\/Reacondicionamiento-de-laptops-09.jpg\u00bb title_text=\u00bbReacondicionamiento de laptops-09&#8243; align=\u00bbcenter\u00bb _builder_version=\u00bb4.17.4&#8243; _module_preset=\u00bbdefault\u00bb global_colors_info=\u00bb{}\u00bb][\/et_pb_image][\/et_pb_column][et_pb_column type=\u00bb1_2&#8243; _builder_version=\u00bb4.17.4&#8243; _module_preset=\u00bbdefault\u00bb global_colors_info=\u00bb{}\u00bb][et_pb_divider show_divider=\u00bboff\u00bb _builder_version=\u00bb4.17.4&#8243; _module_preset=\u00bbdefault\u00bb custom_padding=\u00bb||80px|||\u00bb global_colors_info=\u00bb{}\u00bb][\/et_pb_divider][et_pb_text _builder_version=\u00bb4.17.4&#8243; _module_preset=\u00bbdefault\u00bb text_font=\u00bbMontserrat||||||||\u00bb text_font_size=\u00bb25px\u00bb global_colors_info=\u00bb{}\u00bb]<\/p>\n<p style=\"text-align: center;\">A partir del lunes <span style=\"color: #ff6600;\"><strong>30 de mayo<\/strong><\/span>, podes traer tu laptop ITBA para reacondicionar.<\/p>\n<p>[\/et_pb_text][\/et_pb_column][\/et_pb_row][et_pb_row column_structure=\u00bb1_2,1_2&#8243; _builder_version=\u00bb4.17.4&#8243; _module_preset=\u00bbdefault\u00bb custom_padding=\u00bb0px||0px|||\u00bb global_colors_info=\u00bb{}\u00bb][et_pb_column type=\u00bb1_2&#8243; _builder_version=\u00bb4.17.4&#8243; _module_preset=\u00bbdefault\u00bb global_colors_info=\u00bb{}\u00bb][et_pb_divider show_divider=\u00bboff\u00bb _builder_version=\u00bb4.17.4&#8243; _module_preset=\u00bbdefault\u00bb custom_padding=\u00bb||80px|||\u00bb global_colors_info=\u00bb{}\u00bb][\/et_pb_divider][et_pb_text _builder_version=\u00bb4.17.4&#8243; _module_preset=\u00bbdefault\u00bb text_font=\u00bbMontserrat||||||||\u00bb text_font_size=\u00bb25px\u00bb global_colors_info=\u00bb{}\u00bb]<\/p>\n<p style=\"text-align: center;\"><a href=\"https:\/\/www.itba.edu.ar\/intranet\/ti\/reacondicionamiento\/\" title=\"Reacondicionamiento\">Hac\u00e9 clic ac\u00e1 para reservar un d\u00eda y horario <\/a><\/p>\n<p>[\/et_pb_text][\/et_pb_column][et_pb_column type=\u00bb1_2&#8243; _builder_version=\u00bb4.17.4&#8243; _module_preset=\u00bbdefault\u00bb global_colors_info=\u00bb{}\u00bb][et_pb_image src=\u00bbhttps:\/\/intranet-nv.s3.amazonaws.com\/wp-content\/uploads\/sites\/2\/2022\/05\/Reacondicionamiento-de-laptops-10.jpg\u00bb title_text=\u00bbReacondicionamiento de laptops-10&#8243; url=\u00bbhttps:\/\/www.itba.edu.ar\/intranet\/ti\/reacondicionamiento\/\u00bb align=\u00bbcenter\u00bb _builder_version=\u00bb4.17.4&#8243; _module_preset=\u00bbdefault\u00bb global_colors_info=\u00bb{}\u00bb][\/et_pb_image][\/et_pb_column][\/et_pb_row][et_pb_row column_structure=\u00bb1_2,1_2&#8243; _builder_version=\u00bb4.17.4&#8243; _module_preset=\u00bbdefault\u00bb custom_padding=\u00bb0px||0px|||\u00bb global_colors_info=\u00bb{}\u00bb][et_pb_column type=\u00bb1_2&#8243; _builder_version=\u00bb4.17.4&#8243; _module_preset=\u00bbdefault\u00bb global_colors_info=\u00bb{}\u00bb][et_pb_image src=\u00bbhttps:\/\/intranet-nv.s3.amazonaws.com\/wp-content\/uploads\/sites\/2\/2022\/05\/Reacondicionamiento-de-laptops-11.jpg\u00bb title_text=\u00bbReacondicionamiento de laptops-11&#8243; align=\u00bbcenter\u00bb _builder_version=\u00bb4.17.4&#8243; _module_preset=\u00bbdefault\u00bb global_colors_info=\u00bb{}\u00bb][\/et_pb_image][\/et_pb_column][et_pb_column type=\u00bb1_2&#8243; _builder_version=\u00bb4.17.4&#8243; _module_preset=\u00bbdefault\u00bb global_colors_info=\u00bb{}\u00bb][et_pb_divider show_divider=\u00bboff\u00bb _builder_version=\u00bb4.17.4&#8243; _module_preset=\u00bbdefault\u00bb custom_padding=\u00bb||80px|||\u00bb global_colors_info=\u00bb{}\u00bb][\/et_pb_divider][et_pb_text _builder_version=\u00bb4.17.4&#8243; _module_preset=\u00bbdefault\u00bb text_font=\u00bbMontserrat||||||||\u00bb text_font_size=\u00bb25px\u00bb global_colors_info=\u00bb{}\u00bb]<\/p>\n<p style=\"text-align: center;\">Para que puedas continuar con tus actividades durante el d\u00eda, te damos una laptop de pr\u00e9stamo.<\/p>\n<p>[\/et_pb_text][\/et_pb_column][\/et_pb_row][et_pb_row _builder_version=\u00bb4.17.4&#8243; _module_preset=\u00bbdefault\u00bb global_colors_info=\u00bb{}\u00bb][et_pb_column type=\u00bb4_4&#8243; _builder_version=\u00bb4.17.4&#8243; _module_preset=\u00bbdefault\u00bb global_colors_info=\u00bb{}\u00bb][et_pb_text _builder_version=\u00bb4.17.4&#8243; _module_preset=\u00bbdefault\u00bb text_font=\u00bbMontserrat||||||||\u00bb text_font_size=\u00bb25px\u00bb global_colors_info=\u00bb{}\u00bb]<\/p>\n<p style=\"text-align: center;\">\u00a1Te esperamos en la <strong><span style=\"color: #ff6600;\">Sede Rectorado<\/span><\/strong>!<\/p>\n<p>[\/et_pb_text][\/et_pb_column][\/et_pb_row][et_pb_row _builder_version=\u00bb4.17.4&#8243; _module_preset=\u00bbdefault\u00bb global_colors_info=\u00bb{}\u00bb][et_pb_column type=\u00bb4_4&#8243; _builder_version=\u00bb4.17.4&#8243; _module_preset=\u00bbdefault\u00bb global_colors_info=\u00bb{}\u00bb][et_pb_image src=\u00bbhttps:\/\/intranet-nv.s3.amazonaws.com\/wp-content\/uploads\/sites\/2\/2022\/05\/Reacondicionamiento-de-laptops-12.png\u00bb title_text=\u00bbReacondicionamiento de laptops-12&#8243; force_fullwidth=\u00bbon\u00bb _builder_version=\u00bb4.17.4&#8243; _module_preset=\u00bbdefault\u00bb global_colors_info=\u00bb{}\u00bb][\/et_pb_image][\/et_pb_column][\/et_pb_row][\/et_pb_section]<\/p>\n","protected":false},"excerpt":{"rendered":"<p>REACONDICIONAMIENTO PUESTO DE TRABAJO TI \u00a1Queremos mejorar la experienciacon tus herramientas de trabajo! Si tenes problemas con tu Laptop A partir del lunes 30 de mayo, podes traer tu laptop ITBA para reacondicionar.Hac\u00e9 clic ac\u00e1 para reservar un d\u00eda y horario Para que puedas continuar con tus actividades durante el d\u00eda, te damos una laptop [&hellip;]<\/p>\n","protected":false},"author":2,"featured_media":0,"comment_status":"closed","ping_status":"closed","sticky":false,"template":"","format":"standard","meta":{"_et_pb_use_builder":"on","_et_pb_old_content":"","_et_gb_content_width":"","yasr_overall_rating":0,"yasr_post_is_review":"","yasr_auto_insert_disabled":"","yasr_review_type":"","footnotes":""},"categories":[2],"tags":[],"class_list":["post-51770","post","type-post","status-publish","format-standard","hentry","category-anuncios"],"yasr_visitor_votes":{"stars_attributes":{"read_only":false,"span_bottom":false},"number_of_votes":0,"sum_votes":0},"_links":{"self":[{"href":"https:\/\/www.itba.edu.ar\/intranet\/ti\/wp-json\/wp\/v2\/posts\/51770","targetHints":{"allow":["GET"]}}],"collection":[{"href":"https:\/\/www.itba.edu.ar\/intranet\/ti\/wp-json\/wp\/v2\/posts"}],"about":[{"href":"https:\/\/www.itba.edu.ar\/intranet\/ti\/wp-json\/wp\/v2\/types\/post"}],"author":[{"embeddable":true,"href":"https:\/\/www.itba.edu.ar\/intranet\/ti\/wp-json\/wp\/v2\/users\/2"}],"replies":[{"embeddable":true,"href":"https:\/\/www.itba.edu.ar\/intranet\/ti\/wp-json\/wp\/v2\/comments?post=51770"}],"version-history":[{"count":13,"href":"https:\/\/www.itba.edu.ar\/intranet\/ti\/wp-json\/wp\/v2\/posts\/51770\/revisions"}],"predecessor-version":[{"id":51806,"href":"https:\/\/www.itba.edu.ar\/intranet\/ti\/wp-json\/wp\/v2\/posts\/51770\/revisions\/51806"}],"wp:attachment":[{"href":"https:\/\/www.itba.edu.ar\/intranet\/ti\/wp-json\/wp\/v2\/media?parent=51770"}],"wp:term":[{"taxonomy":"category","embeddable":true,"href":"https:\/\/www.itba.edu.ar\/intranet\/ti\/wp-json\/wp\/v2\/categories?post=51770"},{"taxonomy":"post_tag","embeddable":true,"href":"https:\/\/www.itba.edu.ar\/intranet\/ti\/wp-json\/wp\/v2\/tags?post=51770"}],"curies":[{"name":"wp","href":"https:\/\/api.w.org\/{rel}","templated":true}]}}