{"id":1711,"date":"2021-06-01T22:34:19","date_gmt":"2021-06-02T01:34:19","guid":{"rendered":"https:\/\/www.itba.edu.ar\/intranet\/portaldocente\/?p=1711"},"modified":"2021-08-13T13:49:32","modified_gmt":"2021-08-13T16:49:32","slug":"ciclo-de-formacion-evaluar-en-la-universidad","status":"publish","type":"post","link":"https:\/\/www.itba.edu.ar\/intranet\/portaldocente\/2021\/06\/01\/ciclo-de-formacion-evaluar-en-la-universidad\/","title":{"rendered":"Reviv\u00ed el Ciclo de formaci\u00f3n Evaluar en la universidad"},"content":{"rendered":"<p>[et_pb_section fb_built=\u00bb1&#8243; admin_label=\u00bbsection\u00bb _builder_version=\u00bb3.22&#8243; global_colors_info=\u00bb{}\u00bb][et_pb_row admin_label=\u00bbrow\u00bb _builder_version=\u00bb3.25&#8243; background_size=\u00bbinitial\u00bb background_position=\u00bbtop_left\u00bb background_repeat=\u00bbrepeat\u00bb global_colors_info=\u00bb{}\u00bb min_height=\u00bb705px\u00bb custom_margin=\u00bb-67px|auto||auto||\u00bb][et_pb_column type=\u00bb4_4&#8243; _builder_version=\u00bb3.25&#8243; custom_padding=\u00bb|||\u00bb global_colors_info=\u00bb{}\u00bb custom_padding__hover=\u00bb|||\u00bb][et_pb_text admin_label=\u00bbText\u00bb _builder_version=\u00bb3.27.4&#8243; background_size=\u00bbinitial\u00bb background_position=\u00bbtop_left\u00bb background_repeat=\u00bbrepeat\u00bb global_colors_info=\u00bb{}\u00bb]<\/p>\n<p dir=\"ltr\">El <strong>Ciclo de formaci\u00f3n \u201cEvaluar en la universidad\u201d se realiz\u00f3 el mes de Mayo y tuvo <\/strong>un recorrido por tres trayectos formativos, con foco en el desarrollo de actividades asincr\u00f3nicas.<\/p>\n<p>A continuaci\u00f3n te compartimos los conversatorio con especialistas que disertaron en el ciclo.<\/p>\n<p>Conversatorio con <strong>Marilina Lipsman<\/strong>\u00a0sobre la evaluaci\u00f3n de aprendizajes en la universidad, sus desaf\u00edos y oportunidades.<\/p>\n<p><span style=\"font-size: 14px\"><iframe loading=\"lazy\" title=\"Conversatorio con especialistas: Marilina Lipsman\" width=\"1080\" height=\"608\" src=\"https:\/\/www.youtube.com\/embed\/GdcpLK1uZBQ?feature=oembed\"  allow=\"accelerometer; autoplay; clipboard-write; encrypted-media; gyroscope; picture-in-picture\" allowfullscreen><\/iframe><\/span><\/p>\n<div>\n<p>&nbsp;<\/p>\n<p>Conversatorio con <strong>Silvina Larripa<\/strong>\u00a0sobre la importancia de transparentar los criterios de evaluaci\u00f3n y la utilizaci\u00f3n de r\u00fabricas.<\/p>\n<p><iframe loading=\"lazy\" title=\"Conversatorio con especialistas: Silvina Larripa\" width=\"1080\" height=\"608\" src=\"https:\/\/www.youtube.com\/embed\/mtHpp8ohE54?feature=oembed\"  allow=\"accelerometer; autoplay; clipboard-write; encrypted-media; gyroscope; picture-in-picture\" allowfullscreen><\/iframe><\/p>\n<p>&nbsp;<\/p>\n<p>Conversatorio con <strong>Omar Malet<\/strong> sobre una experiencia de evaluaci\u00f3n llevada a cabo en el nivel de ingreso a la universidad, en en el \u00e1rea de Matem\u00e1tica<\/p>\n<p>&nbsp;<\/p>\n<p><iframe loading=\"lazy\" title=\"Conversatorio con especialistas: Omar Malet\" width=\"1080\" height=\"608\" src=\"https:\/\/www.youtube.com\/embed\/orpUXkt3sSM?feature=oembed\"  allow=\"accelerometer; autoplay; clipboard-write; encrypted-media; gyroscope; picture-in-picture\" allowfullscreen><\/iframe><\/p>\n<\/div>\n<p>[\/et_pb_text][\/et_pb_column][\/et_pb_row][\/et_pb_section]<\/p>\n","protected":false},"excerpt":{"rendered":"<p>El Ciclo de formaci\u00f3n \u201cEvaluar en la universidad\u201d se realiz\u00f3 el mes de Mayo y tuvo un recorrido por tres trayectos formativos, con foco en el desarrollo de actividades asincr\u00f3nicas.\u00a0<\/p>\n","protected":false},"author":6649,"featured_media":0,"comment_status":"open","ping_status":"open","sticky":false,"template":"","format":"standard","meta":{"_et_pb_use_builder":"on","_et_pb_old_content":"<p dir=\"ltr\">El <strong>Ciclo de formaci\u00f3n \u201cEvaluar en la universidad\u201d se realiz\u00f3 el mes de Mayo y tuvo <\/strong>un recorrido por tres trayectos formativos, con foco en el desarrollo de actividades asincr\u00f3nicas.<\/p>\r\nA continuaci\u00f3n te compartimos los conversatorio con especialistas que disertaron en el ciclo.\r\n\r\nConversatorio con <strong>Marilina Lipsman<\/strong>\u00a0sobre la evaluaci\u00f3n de aprendizajes en la universidad, sus desaf\u00edos y oportunidades.\r\n\r\n&nbsp;\r\n<div>\r\n\r\n[embed]https:\/\/www.youtube.com\/watch?v=GdcpLK1uZBQ[\/embed]\r\n\r\n&nbsp;\r\n\r\nConversatorio con <strong>Silvina Larripa<\/strong>\u00a0sobre la importancia de transparentar los criterios de evaluaci\u00f3n y la utilizaci\u00f3n de r\u00fabricas.\r\n\r\n[embed]https:\/\/www.youtube.com\/watch?v=mtHpp8ohE54[\/embed]\r\n\r\n&nbsp;\r\n\r\nConversatorio con <strong>Omar Malet<\/strong> sobre una experiencia de evaluaci\u00f3n llevada a cabo en el nivel de ingreso a la universidad, en en el \u00e1rea de Matem\u00e1tica\r\n\r\n&nbsp;\r\n\r\n[embed]https:\/\/www.youtube.com\/watch?v=orpUXkt3sSM[\/embed]\r\n\r\n<\/div>","_et_gb_content_width":"","footnotes":""},"categories":[17],"tags":[32,33,34,37,36,35],"class_list":["post-1711","post","type-post","status-publish","format-standard","hentry","category-novedades","tag-conversatorios","tag-icae","tag-innovacion-educativa","tag-marilina-lipsman","tag-omar-malet","tag-silvina-larripa"],"_links":{"self":[{"href":"https:\/\/www.itba.edu.ar\/intranet\/portaldocente\/wp-json\/wp\/v2\/posts\/1711","targetHints":{"allow":["GET"]}}],"collection":[{"href":"https:\/\/www.itba.edu.ar\/intranet\/portaldocente\/wp-json\/wp\/v2\/posts"}],"about":[{"href":"https:\/\/www.itba.edu.ar\/intranet\/portaldocente\/wp-json\/wp\/v2\/types\/post"}],"author":[{"embeddable":true,"href":"https:\/\/www.itba.edu.ar\/intranet\/portaldocente\/wp-json\/wp\/v2\/users\/6649"}],"replies":[{"embeddable":true,"href":"https:\/\/www.itba.edu.ar\/intranet\/portaldocente\/wp-json\/wp\/v2\/comments?post=1711"}],"version-history":[{"count":10,"href":"https:\/\/www.itba.edu.ar\/intranet\/portaldocente\/wp-json\/wp\/v2\/posts\/1711\/revisions"}],"predecessor-version":[{"id":2984,"href":"https:\/\/www.itba.edu.ar\/intranet\/portaldocente\/wp-json\/wp\/v2\/posts\/1711\/revisions\/2984"}],"wp:attachment":[{"href":"https:\/\/www.itba.edu.ar\/intranet\/portaldocente\/wp-json\/wp\/v2\/media?parent=1711"}],"wp:term":[{"taxonomy":"category","embeddable":true,"href":"https:\/\/www.itba.edu.ar\/intranet\/portaldocente\/wp-json\/wp\/v2\/categories?post=1711"},{"taxonomy":"post_tag","embeddable":true,"href":"https:\/\/www.itba.edu.ar\/intranet\/portaldocente\/wp-json\/wp\/v2\/tags?post=1711"}],"curies":[{"name":"wp","href":"https:\/\/api.w.org\/{rel}","templated":true}]}}