{"id":1532,"date":"2022-08-01T14:55:12","date_gmt":"2022-08-01T17:55:12","guid":{"rendered":"https:\/\/www.itba.edu.ar\/intranet\/ols\/?p=1532"},"modified":"2023-11-06T20:56:11","modified_gmt":"2023-11-06T23:56:11","slug":"8va-encuesta-de-situacion-de-la-logistica-sustentable-2021","status":"publish","type":"post","link":"https:\/\/www.itba.edu.ar\/intranet\/ols\/8va-encuesta-de-situacion-de-la-logistica-sustentable-2021\/","title":{"rendered":"8va Encuesta Nacional y 3ra Regional de Situaci\u00f3n de la Log\u00edstica Sustentable 2021"},"content":{"rendered":"<p><span style=\"color: #333333\">Presentamos la <\/span><span lang=\"EN-US\"><span style=\"color: #000000;font-family: Calibri;font-size: medium\"><strong>Encuesta de Log\u00edstica Sustentable 2021, 8va de la Argentina y 3ra Regional<\/strong>. Esta serie de encuestas ha tenido como objetivo medir el grado de inter\u00e9s de las empresas del pa\u00eds y en la regi\u00f3n en la sustentabilidad y log\u00edstica.<\/span><\/span><\/p>\n<p>\u00a0<\/p>\n\n\n<div class=\"wp-block-buttons is-layout-flex wp-block-buttons-is-layout-flex\">\n<div class=\"wp-block-button\"><a class=\"wp-block-button__link wp-element-button\" href=\"https:\/\/intranet-nv.s3.amazonaws.com\/wp-content\/uploads\/sites\/4\/2022\/08\/Encuesta-Logistica-Sustentable-Regional-2021.pdf\" target=\"_blank\" rel=\"noreferrer noopener\">Archivo<\/a><\/div>\n<\/div>\n","protected":false},"excerpt":{"rendered":"<p>Presentamos la Encuesta de Log\u00edstica Sustentable 2021, 8va de la Argentina y 3ra Regional. <\/p>\n","protected":false},"author":64,"featured_media":0,"comment_status":"closed","ping_status":"closed","sticky":false,"template":"","format":"standard","meta":{"_et_pb_use_builder":"off","_et_pb_old_content":"<span style=\"color: #333333\">Presentamos la <\/span><span lang=\"EN-US\"><span style=\"color: #000000;font-family: Calibri;font-size: medium\"><strong>Encuesta de Log\u00edstica Sustentable 2021, 8va de la Argentina y 3ra Regional<\/strong>. Esta serie de encuestas ha tenido como objetivo medir el grado de inter\u00e9s de las empresas del pa\u00eds y en la regi\u00f3n en la sustentabilidad y log\u00edstica.<\/span><\/span>\n\n<a href=\"https:\/\/www.itba.edu.ar\/intranet\/ols\/wp-content\/uploads\/sites\/4\/2022\/08\/Encuesta-Logistica-Sustentable-Regional-2021.pdf\" target=\"_blank\" rel=\"noopener\"><img class=\"alignnone wp-image-466 size-medium\" src=\"https:\/\/www.itba.edu.ar\/intranet\/ols\/wp-content\/uploads\/sites\/4\/2016\/08\/Descargar-PDF-300x82.jpg\" alt=\"\" width=\"300\" height=\"82\" \/><\/a>","_et_gb_content_width":"795","footnotes":""},"categories":[53,105,104],"tags":[90,65,91,29,36,28],"class_list":["post-1532","post","type-post","status-publish","format-standard","hentry","category-encuestas","category-publicaciones","category-sustentabilidad","tag-encuesta","tag-encuesta-de-sustentabilidad","tag-latinoamerica","tag-logistica","tag-supply-chain","tag-sustentabilidad"],"_links":{"self":[{"href":"https:\/\/www.itba.edu.ar\/intranet\/ols\/wp-json\/wp\/v2\/posts\/1532","targetHints":{"allow":["GET"]}}],"collection":[{"href":"https:\/\/www.itba.edu.ar\/intranet\/ols\/wp-json\/wp\/v2\/posts"}],"about":[{"href":"https:\/\/www.itba.edu.ar\/intranet\/ols\/wp-json\/wp\/v2\/types\/post"}],"author":[{"embeddable":true,"href":"https:\/\/www.itba.edu.ar\/intranet\/ols\/wp-json\/wp\/v2\/users\/64"}],"replies":[{"embeddable":true,"href":"https:\/\/www.itba.edu.ar\/intranet\/ols\/wp-json\/wp\/v2\/comments?post=1532"}],"version-history":[{"count":8,"href":"https:\/\/www.itba.edu.ar\/intranet\/ols\/wp-json\/wp\/v2\/posts\/1532\/revisions"}],"predecessor-version":[{"id":1856,"href":"https:\/\/www.itba.edu.ar\/intranet\/ols\/wp-json\/wp\/v2\/posts\/1532\/revisions\/1856"}],"wp:attachment":[{"href":"https:\/\/www.itba.edu.ar\/intranet\/ols\/wp-json\/wp\/v2\/media?parent=1532"}],"wp:term":[{"taxonomy":"category","embeddable":true,"href":"https:\/\/www.itba.edu.ar\/intranet\/ols\/wp-json\/wp\/v2\/categories?post=1532"},{"taxonomy":"post_tag","embeddable":true,"href":"https:\/\/www.itba.edu.ar\/intranet\/ols\/wp-json\/wp\/v2\/tags?post=1532"}],"curies":[{"name":"wp","href":"https:\/\/api.w.org\/{rel}","templated":true}]}}