{"id":1272,"date":"2020-05-25T12:28:21","date_gmt":"2020-05-25T15:28:21","guid":{"rendered":"https:\/\/www.itba.edu.ar\/intranet\/ols\/?p=1272"},"modified":"2023-11-06T21:06:45","modified_gmt":"2023-11-07T00:06:45","slug":"6ta-encuesta-de-situacion-de-la-logistica-sustentable-2019","status":"publish","type":"post","link":"https:\/\/www.itba.edu.ar\/intranet\/ols\/6ta-encuesta-de-situacion-de-la-logistica-sustentable-2019\/","title":{"rendered":"6ta Encuesta Nacional y 1ra Regional de Situaci\u00f3n de la Log\u00edstica Sustentable 2019"},"content":{"rendered":"<p><span style=\"color: #333333\">Presentamos la <\/span><span lang=\"EN-US\"><span style=\"color: #000000;font-family: Calibri;font-size: medium\"><strong>Encuesta de Log\u00edstica Sustentable 2019, 6ta de la Argentina y 1ra Regional<\/strong>. Esta serie de encuestas ha tenido como objetivo medir el grado de inter\u00e9s de las empresas del pa\u00eds y en la regi\u00f3n en la sustentabilidad y log\u00edstica. Este a\u00f1o aument\u00f3 el n\u00famero participantes en la Argentinas en un 33%, alcanzando 110 empresas, a lo que sumamos m\u00e1s de 200 respuestas en Brasil y Uruguay. A continuaci\u00f3n se puede ver una infograf\u00eda que resume algunos de los principales resultados obtenidos, seguido del informe final.<\/span><\/span><\/p>\n<p><a href=\"https:\/\/intranet-nv.s3.amazonaws.com\/wp-content\/uploads\/sites\/4\/2020\/05\/Infografia-ols-19-imagen.png\" target=\"_blank\" rel=\"noopener noreferrer\"><img loading=\"lazy\" decoding=\"async\" class=\"alignnone size-medium wp-image-1280\" src=\"https:\/\/intranet-nv.s3.amazonaws.com\/wp-content\/uploads\/sites\/4\/2020\/05\/Infografia-ols-19-imagen-243x300.png\" alt=\"\" width=\"243\" height=\"300\" \/><\/a><\/p>\n<p>\u00a0<\/p>\n<p>\u00a0<\/p>\n\n\n<div class=\"wp-block-buttons is-layout-flex wp-block-buttons-is-layout-flex\">\n<div class=\"wp-block-button\"><a class=\"wp-block-button__link wp-element-button\" href=\"https:\/\/intranet-nv.s3.amazonaws.com\/wp-content\/uploads\/sites\/4\/2020\/05\/2019-Encuesta-Logistica-Sustentable-en-Argentina.pdf\" target=\"_blank\" rel=\"noreferrer noopener\">Archivo<\/a><\/div>\n<\/div>\n","protected":false},"excerpt":{"rendered":"<p>Presentamos la Encuesta de Log\u00edstica Sustentable 2019, 6ta de la Argentina y 1ra Regional.<\/p>\n","protected":false},"author":64,"featured_media":1852,"comment_status":"closed","ping_status":"closed","sticky":false,"template":"","format":"standard","meta":{"_et_pb_use_builder":"","_et_pb_old_content":"","_et_gb_content_width":"","footnotes":""},"categories":[53,105,104],"tags":[],"class_list":["post-1272","post","type-post","status-publish","format-standard","has-post-thumbnail","hentry","category-encuestas","category-publicaciones","category-sustentabilidad"],"_links":{"self":[{"href":"https:\/\/www.itba.edu.ar\/intranet\/ols\/wp-json\/wp\/v2\/posts\/1272","targetHints":{"allow":["GET"]}}],"collection":[{"href":"https:\/\/www.itba.edu.ar\/intranet\/ols\/wp-json\/wp\/v2\/posts"}],"about":[{"href":"https:\/\/www.itba.edu.ar\/intranet\/ols\/wp-json\/wp\/v2\/types\/post"}],"author":[{"embeddable":true,"href":"https:\/\/www.itba.edu.ar\/intranet\/ols\/wp-json\/wp\/v2\/users\/64"}],"replies":[{"embeddable":true,"href":"https:\/\/www.itba.edu.ar\/intranet\/ols\/wp-json\/wp\/v2\/comments?post=1272"}],"version-history":[{"count":9,"href":"https:\/\/www.itba.edu.ar\/intranet\/ols\/wp-json\/wp\/v2\/posts\/1272\/revisions"}],"predecessor-version":[{"id":1865,"href":"https:\/\/www.itba.edu.ar\/intranet\/ols\/wp-json\/wp\/v2\/posts\/1272\/revisions\/1865"}],"wp:featuredmedia":[{"embeddable":true,"href":"https:\/\/www.itba.edu.ar\/intranet\/ols\/wp-json\/wp\/v2\/media\/1852"}],"wp:attachment":[{"href":"https:\/\/www.itba.edu.ar\/intranet\/ols\/wp-json\/wp\/v2\/media?parent=1272"}],"wp:term":[{"taxonomy":"category","embeddable":true,"href":"https:\/\/www.itba.edu.ar\/intranet\/ols\/wp-json\/wp\/v2\/categories?post=1272"},{"taxonomy":"post_tag","embeddable":true,"href":"https:\/\/www.itba.edu.ar\/intranet\/ols\/wp-json\/wp\/v2\/tags?post=1272"}],"curies":[{"name":"wp","href":"https:\/\/api.w.org\/{rel}","templated":true}]}}