{"id":260,"date":"2017-07-03T19:31:31","date_gmt":"2017-07-03T19:31:31","guid":{"rendered":"https:\/\/www.itba.edu.ar\/intranet\/graduados\/?p=260"},"modified":"2021-04-17T18:18:41","modified_gmt":"2021-04-17T18:18:41","slug":"con-las-puertas-abiertas-%f0%9f%8e%93","status":"publish","type":"post","link":"https:\/\/www.itba.edu.ar\/intranet\/graduados\/2017\/07\/03\/con-las-puertas-abiertas-%f0%9f%8e%93\/","title":{"rendered":"CON LAS PUERTAS ABIERTAS\u00a0?"},"content":{"rendered":"<p>&nbsp;<\/p>\n<p>El segundo encuentro de los graduados de la Licenciatura en Administraci\u00f3n y Sistemas reuni\u00f3 a miembros de distintas promociones. La tem\u00e1tica del evento fue la transformaci\u00f3n digital.<\/p>\n<p>El sentido de pertenencia es un valor que retroalimenta la relaci\u00f3n entre una instituci\u00f3n y sus integrantes. Promoverlo y alcanzarlo requiere de un trabajo tan paulatino como constante. Desde su creaci\u00f3n en 2016, el Departamento de Graduados del ITBA se enfoc\u00f3 en esta\u00a0<span class=\"text_exposed_show\">direcci\u00f3n a partir de iniciativas para acercar nuevamente a los profesionales formados en esta universidad.<\/span><\/p>\n<div class=\"text_exposed_show\">\n<p>El martes 27 de junio los graduados de la Licenciatura en Administraci\u00f3n y Sistemas asistieron a la segunda edici\u00f3n del encuentro de su carrera. Bajo el lema \u201cUna clase que te da vuelta\u201d, el evento cont\u00f3 con la participaci\u00f3n de la consultora Paradigma, que lleva una d\u00e9cada encargada de la c\u00e1tedra de la materia \u201cDiagn\u00f3stico Empresario y Plan de Acci\u00f3n \u201c. El titular de la asignatura, el C.P. Gustavo Calveiro, se encarg\u00f3 de presentar actividades interactivas utilizando la transformaci\u00f3n digital como punto de partida.<\/p>\n<p>Los licenciados Santiago Benvenuto, Lucila Miramontes, Julieta Abbiendi y Eugenia Cutini fueron invitados a hablar de su d\u00eda a d\u00eda profesional y a contar algunas experiencias emblem\u00e1ticas que debieron enfrentar en sus empresas. Adem\u00e1s, hicieron menci\u00f3n a momentos vividos como alumnos de la Universidad.<\/p>\n<p>En un clima cordial, los graduados disfrutaron de un encuentro en el que pudieron reencontrarse y hablar sobre la realidad de su actividad laboral. El Ing. Juan Vidaguren, Director de la Licenciatura en Administraci\u00f3n y Sistemas, manifest\u00f3 su satisfacci\u00f3n por los resultados del evento: \u201cCon este tipo de actividades buscamos fortalecer el esp\u00edritu de comunidad y que quienes finalizaron sus estudios en esta universidad sientan al ITBA como su casa. Tienen las puertas abiertas, tal como cuando eran alumnos\u201d.<\/p>\n<\/div>\n<p><img loading=\"lazy\" decoding=\"async\" class=\"alignnone size-medium wp-image-261\" src=\"https:\/\/intranet-nv.s3.amazonaws.com\/wp-content\/uploads\/sites\/8\/2017\/07\/097-itba-1140x642-300x169.jpg\" alt=\"\" width=\"300\" height=\"169\" srcset=\"https:\/\/intranet-nv.s3.amazonaws.com\/wp-content\/uploads\/sites\/8\/2017\/07\/097-itba-1140x642-300x169.jpg 300w, https:\/\/intranet-nv.s3.amazonaws.com\/wp-content\/uploads\/sites\/8\/2017\/07\/097-itba-1140x642-768x433.jpg 768w, https:\/\/intranet-nv.s3.amazonaws.com\/wp-content\/uploads\/sites\/8\/2017\/07\/097-itba-1140x642-1024x577.jpg 1024w, https:\/\/intranet-nv.s3.amazonaws.com\/wp-content\/uploads\/sites\/8\/2017\/07\/097-itba-1140x642-1080x608.jpg 1080w, https:\/\/intranet-nv.s3.amazonaws.com\/wp-content\/uploads\/sites\/8\/2017\/07\/097-itba-1140x642.jpg 1140w\" sizes=\"(max-width: 300px) 100vw, 300px\" \/><\/p>\n","protected":false},"excerpt":{"rendered":"<p>&nbsp; El segundo encuentro de los graduados de la Licenciatura en Administraci\u00f3n y Sistemas reuni\u00f3 a miembros de distintas promociones. La tem\u00e1tica del evento fue la transformaci\u00f3n digital. El sentido de pertenencia es un valor que retroalimenta la relaci\u00f3n entre una instituci\u00f3n y sus integrantes. Promoverlo y alcanzarlo requiere de un trabajo tan paulatino como [&hellip;]<\/p>\n","protected":false},"author":1731,"featured_media":261,"comment_status":"open","ping_status":"open","sticky":false,"template":"","format":"standard","meta":{"_et_pb_use_builder":"","_et_pb_old_content":"","_et_gb_content_width":"","footnotes":""},"categories":[9],"tags":[],"class_list":["post-260","post","type-post","status-publish","format-standard","has-post-thumbnail","hentry","category-noticias"],"_links":{"self":[{"href":"https:\/\/www.itba.edu.ar\/intranet\/graduados\/wp-json\/wp\/v2\/posts\/260","targetHints":{"allow":["GET"]}}],"collection":[{"href":"https:\/\/www.itba.edu.ar\/intranet\/graduados\/wp-json\/wp\/v2\/posts"}],"about":[{"href":"https:\/\/www.itba.edu.ar\/intranet\/graduados\/wp-json\/wp\/v2\/types\/post"}],"author":[{"embeddable":true,"href":"https:\/\/www.itba.edu.ar\/intranet\/graduados\/wp-json\/wp\/v2\/users\/1731"}],"replies":[{"embeddable":true,"href":"https:\/\/www.itba.edu.ar\/intranet\/graduados\/wp-json\/wp\/v2\/comments?post=260"}],"version-history":[{"count":1,"href":"https:\/\/www.itba.edu.ar\/intranet\/graduados\/wp-json\/wp\/v2\/posts\/260\/revisions"}],"predecessor-version":[{"id":262,"href":"https:\/\/www.itba.edu.ar\/intranet\/graduados\/wp-json\/wp\/v2\/posts\/260\/revisions\/262"}],"wp:featuredmedia":[{"embeddable":true,"href":"https:\/\/www.itba.edu.ar\/intranet\/graduados\/wp-json\/wp\/v2\/media\/261"}],"wp:attachment":[{"href":"https:\/\/www.itba.edu.ar\/intranet\/graduados\/wp-json\/wp\/v2\/media?parent=260"}],"wp:term":[{"taxonomy":"category","embeddable":true,"href":"https:\/\/www.itba.edu.ar\/intranet\/graduados\/wp-json\/wp\/v2\/categories?post=260"},{"taxonomy":"post_tag","embeddable":true,"href":"https:\/\/www.itba.edu.ar\/intranet\/graduados\/wp-json\/wp\/v2\/tags?post=260"}],"curies":[{"name":"wp","href":"https:\/\/api.w.org\/{rel}","templated":true}]}}