{"id":253,"date":"2017-06-01T19:27:00","date_gmt":"2017-06-01T19:27:00","guid":{"rendered":"https:\/\/www.itba.edu.ar\/intranet\/graduados\/?p=253"},"modified":"2021-04-17T18:19:19","modified_gmt":"2021-04-17T18:19:19","slug":"acto-50-aniversario-promocion-2-1967-2017","status":"publish","type":"post","link":"https:\/\/www.itba.edu.ar\/intranet\/graduados\/2017\/06\/01\/acto-50-aniversario-promocion-2-1967-2017\/","title":{"rendered":"Acto 50\u00b0 aniversario Promoci\u00f3n 2 (1967 &#8211; 2017)"},"content":{"rendered":"<div class=\"\">\n<div class=\"_1mf _1mj\"><\/div>\n<\/div>\n<div class=\"\">\n<div class=\"_1mf _1mj\"><span>\u00a0<\/span><\/div>\n<\/div>\n<div class=\"\">\n<div class=\"_1mf _1mj\"><span>El mi\u00e9rcoles 7 de junio a las 18:30 horas, en el Aula Magna del ITBA (Madero 399), celebraremos junto a nuestros graduados de la Promoci\u00f3n 2 (1967) sus 50 a\u00f1os de graduaci\u00f3n. <\/span><\/div>\n<\/div>\n<div class=\"\">\n<div class=\"_1mf _1mj\"><span>\u00a0<\/span><\/div>\n<\/div>\n<div class=\"\">\n<div class=\"_1mf _1mj\"><span>Quienes nos quieran acompa\u00f1ar lo pueden hacer realizando reserva a: <\/span><\/div>\n<\/div>\n<div class=\"\">\n<div class=\"_1mf _1mj\"><span>\u00a0<\/span><\/div>\n<\/div>\n<div class=\"\">\n<div class=\"_1mf _1mj\"><span>graduados@itba.edu.ar<\/span><\/div>\n<\/div>\n<div class=\"\">\n<div class=\"_1mf _1mj\"><span>\u00a0<\/span><\/div>\n<\/div>\n<div class=\"\">\n<div class=\"_1mf _1mj\"><span>011-42150-4800 int. 5992<\/span><\/div>\n<\/div>\n<div class=\"\">\n<div class=\"_1mf _1mj\"><span>\u00a0<\/span><\/div>\n<\/div>\n<div class=\"\">\n<div class=\"_1mf _1mj\"><span>Los esperamos.<\/span><\/div>\n<\/div>\n<div class=\"_1mf _1mj\"><img loading=\"lazy\" decoding=\"async\" class=\"alignnone size-medium wp-image-254\" src=\"https:\/\/intranet-nv.s3.amazonaws.com\/wp-content\/uploads\/sites\/8\/2017\/06\/1-300x294.jpg\" alt=\"\" width=\"300\" height=\"294\" srcset=\"https:\/\/intranet-nv.s3.amazonaws.com\/wp-content\/uploads\/sites\/8\/2017\/06\/1-300x294.jpg 300w, https:\/\/intranet-nv.s3.amazonaws.com\/wp-content\/uploads\/sites\/8\/2017\/06\/1-768x752.jpg 768w, https:\/\/intranet-nv.s3.amazonaws.com\/wp-content\/uploads\/sites\/8\/2017\/06\/1.jpg 842w\" sizes=\"(max-width: 300px) 100vw, 300px\" \/><\/div>\n","protected":false},"excerpt":{"rendered":"<p>\u00a0 El mi\u00e9rcoles 7 de junio a las 18:30 horas, en el Aula Magna del ITBA (Madero 399), celebraremos junto a nuestros graduados de la Promoci\u00f3n 2 (1967) sus 50 a\u00f1os de graduaci\u00f3n. \u00a0 Quienes nos quieran acompa\u00f1ar lo pueden hacer realizando reserva a: \u00a0 graduados@itba.edu.ar \u00a0 011-42150-4800 int. 5992 \u00a0 Los esperamos.<\/p>\n","protected":false},"author":1731,"featured_media":254,"comment_status":"open","ping_status":"open","sticky":false,"template":"","format":"standard","meta":{"_et_pb_use_builder":"","_et_pb_old_content":"","_et_gb_content_width":"","footnotes":""},"categories":[9],"tags":[],"class_list":["post-253","post","type-post","status-publish","format-standard","has-post-thumbnail","hentry","category-noticias"],"_links":{"self":[{"href":"https:\/\/www.itba.edu.ar\/intranet\/graduados\/wp-json\/wp\/v2\/posts\/253","targetHints":{"allow":["GET"]}}],"collection":[{"href":"https:\/\/www.itba.edu.ar\/intranet\/graduados\/wp-json\/wp\/v2\/posts"}],"about":[{"href":"https:\/\/www.itba.edu.ar\/intranet\/graduados\/wp-json\/wp\/v2\/types\/post"}],"author":[{"embeddable":true,"href":"https:\/\/www.itba.edu.ar\/intranet\/graduados\/wp-json\/wp\/v2\/users\/1731"}],"replies":[{"embeddable":true,"href":"https:\/\/www.itba.edu.ar\/intranet\/graduados\/wp-json\/wp\/v2\/comments?post=253"}],"version-history":[{"count":1,"href":"https:\/\/www.itba.edu.ar\/intranet\/graduados\/wp-json\/wp\/v2\/posts\/253\/revisions"}],"predecessor-version":[{"id":255,"href":"https:\/\/www.itba.edu.ar\/intranet\/graduados\/wp-json\/wp\/v2\/posts\/253\/revisions\/255"}],"wp:featuredmedia":[{"embeddable":true,"href":"https:\/\/www.itba.edu.ar\/intranet\/graduados\/wp-json\/wp\/v2\/media\/254"}],"wp:attachment":[{"href":"https:\/\/www.itba.edu.ar\/intranet\/graduados\/wp-json\/wp\/v2\/media?parent=253"}],"wp:term":[{"taxonomy":"category","embeddable":true,"href":"https:\/\/www.itba.edu.ar\/intranet\/graduados\/wp-json\/wp\/v2\/categories?post=253"},{"taxonomy":"post_tag","embeddable":true,"href":"https:\/\/www.itba.edu.ar\/intranet\/graduados\/wp-json\/wp\/v2\/tags?post=253"}],"curies":[{"name":"wp","href":"https:\/\/api.w.org\/{rel}","templated":true}]}}