{"id":233,"date":"2017-05-23T15:47:17","date_gmt":"2017-05-23T15:47:17","guid":{"rendered":"https:\/\/www.itba.edu.ar\/intranet\/graduados\/?p=233"},"modified":"2021-04-17T18:20:08","modified_gmt":"2021-04-17T18:20:08","slug":"%ef%bb%bf%ef%bb%bf-reunion-neuquen-las-12-sillas-%f0%9f%8e%93%f0%9f%a5%82","status":"publish","type":"post","link":"https:\/\/www.itba.edu.ar\/intranet\/graduados\/2017\/05\/23\/%ef%bb%bf%ef%bb%bf-reunion-neuquen-las-12-sillas-%f0%9f%8e%93%f0%9f%a5%82\/","title":{"rendered":"\ufeff\ufeff  REUNI\u00d3N NEUQU\u00c9N \u00abLas 12 sillas\u00bb ??"},"content":{"rendered":"<p>&nbsp;<\/p>\n<p>El jueves 18 de mayo, un grupo de graduados del ITBA se reuni\u00f3 en el restaurante \u00abLas 12 sillas\u00bb de Neuqu\u00e9n, continuando con encuentros anteriores que se realizaron el a\u00f1o pasado en la misma ciudad.<\/p>\n<p>Fueron de la partida graduados de Ingenier\u00eda Industrial, Naval, Qu\u00edmica, Electr\u00f3nica, Petr\u00f3leo, y de la Licenciatura en Administraci\u00f3n y Sistemas, siendo algunos de ellos tambi\u00e9n graduados de Postgrado del ITBA.<\/p>\n<div class=\"text_exposed_show\">\n<p>El grupo cuenta a la fecha con 25 miembros, y est\u00e1 abierto a futuras incorporaciones de profesionales del ITBA que se trasladen a la zona.<\/p>\n<p>En esta ocasi\u00f3n viaj\u00f3 el director del Departamento de Graduados Ignacio Tom\u00e9, con el objetivo de acompa\u00f1ar y alentar el crecimiento de este grupo para que se constituya en el pr\u00f3ximo \u00abPrimer Cap\u00edtulo de Graduados ITBA &#8211; Nacional\u00bb.<\/p>\n<p><img loading=\"lazy\" decoding=\"async\" class=\"alignnone  wp-image-234\" src=\"https:\/\/intranet-nv.s3.amazonaws.com\/wp-content\/uploads\/sites\/8\/2017\/05\/unnamed-1-300x169.jpg\" alt=\"\" width=\"371\" height=\"209\" srcset=\"https:\/\/intranet-nv.s3.amazonaws.com\/wp-content\/uploads\/sites\/8\/2017\/05\/unnamed-1-300x169.jpg 300w, https:\/\/intranet-nv.s3.amazonaws.com\/wp-content\/uploads\/sites\/8\/2017\/05\/unnamed-1-768x432.jpg 768w, https:\/\/intranet-nv.s3.amazonaws.com\/wp-content\/uploads\/sites\/8\/2017\/05\/unnamed-1-1024x576.jpg 1024w, https:\/\/intranet-nv.s3.amazonaws.com\/wp-content\/uploads\/sites\/8\/2017\/05\/unnamed-1.jpg 1032w\" sizes=\"(max-width: 371px) 100vw, 371px\" \/> <img loading=\"lazy\" decoding=\"async\" class=\"alignnone  wp-image-235\" src=\"https:\/\/intranet-nv.s3.amazonaws.com\/wp-content\/uploads\/sites\/8\/2017\/05\/unnamed-2-300x169.jpg\" alt=\"\" width=\"357\" height=\"201\" srcset=\"https:\/\/intranet-nv.s3.amazonaws.com\/wp-content\/uploads\/sites\/8\/2017\/05\/unnamed-2-300x169.jpg 300w, https:\/\/intranet-nv.s3.amazonaws.com\/wp-content\/uploads\/sites\/8\/2017\/05\/unnamed-2-768x432.jpg 768w, https:\/\/intranet-nv.s3.amazonaws.com\/wp-content\/uploads\/sites\/8\/2017\/05\/unnamed-2-1024x576.jpg 1024w, https:\/\/intranet-nv.s3.amazonaws.com\/wp-content\/uploads\/sites\/8\/2017\/05\/unnamed-2.jpg 1032w\" sizes=\"(max-width: 357px) 100vw, 357px\" \/><\/p>\n<p>A quienes residan en la zona y a\u00fan no se hayan contactado, los invitamos a hacerlo comunic\u00e1ndose con nosotros:<\/p>\n<p>Departamento de Graduados<br \/>\n(011) 2150-4890<br \/>\ngraduados@itba.edu.ar<\/p>\n<\/div>\n","protected":false},"excerpt":{"rendered":"<p>&nbsp; El jueves 18 de mayo, un grupo de graduados del ITBA se reuni\u00f3 en el restaurante \u00abLas 12 sillas\u00bb de Neuqu\u00e9n, continuando con encuentros anteriores que se realizaron el a\u00f1o pasado en la misma ciudad. Fueron de la partida graduados de Ingenier\u00eda Industrial, Naval, Qu\u00edmica, Electr\u00f3nica, Petr\u00f3leo, y de la Licenciatura en Administraci\u00f3n y [&hellip;]<\/p>\n","protected":false},"author":1731,"featured_media":235,"comment_status":"open","ping_status":"open","sticky":false,"template":"","format":"standard","meta":{"_et_pb_use_builder":"","_et_pb_old_content":"","_et_gb_content_width":"","footnotes":""},"categories":[9],"tags":[],"class_list":["post-233","post","type-post","status-publish","format-standard","has-post-thumbnail","hentry","category-noticias"],"_links":{"self":[{"href":"https:\/\/www.itba.edu.ar\/intranet\/graduados\/wp-json\/wp\/v2\/posts\/233","targetHints":{"allow":["GET"]}}],"collection":[{"href":"https:\/\/www.itba.edu.ar\/intranet\/graduados\/wp-json\/wp\/v2\/posts"}],"about":[{"href":"https:\/\/www.itba.edu.ar\/intranet\/graduados\/wp-json\/wp\/v2\/types\/post"}],"author":[{"embeddable":true,"href":"https:\/\/www.itba.edu.ar\/intranet\/graduados\/wp-json\/wp\/v2\/users\/1731"}],"replies":[{"embeddable":true,"href":"https:\/\/www.itba.edu.ar\/intranet\/graduados\/wp-json\/wp\/v2\/comments?post=233"}],"version-history":[{"count":1,"href":"https:\/\/www.itba.edu.ar\/intranet\/graduados\/wp-json\/wp\/v2\/posts\/233\/revisions"}],"predecessor-version":[{"id":236,"href":"https:\/\/www.itba.edu.ar\/intranet\/graduados\/wp-json\/wp\/v2\/posts\/233\/revisions\/236"}],"wp:featuredmedia":[{"embeddable":true,"href":"https:\/\/www.itba.edu.ar\/intranet\/graduados\/wp-json\/wp\/v2\/media\/235"}],"wp:attachment":[{"href":"https:\/\/www.itba.edu.ar\/intranet\/graduados\/wp-json\/wp\/v2\/media?parent=233"}],"wp:term":[{"taxonomy":"category","embeddable":true,"href":"https:\/\/www.itba.edu.ar\/intranet\/graduados\/wp-json\/wp\/v2\/categories?post=233"},{"taxonomy":"post_tag","embeddable":true,"href":"https:\/\/www.itba.edu.ar\/intranet\/graduados\/wp-json\/wp\/v2\/tags?post=233"}],"curies":[{"name":"wp","href":"https:\/\/api.w.org\/{rel}","templated":true}]}}