{"id":220,"date":"2017-05-10T17:03:47","date_gmt":"2017-05-10T17:03:47","guid":{"rendered":"https:\/\/www.itba.edu.ar\/intranet\/graduados\/?p=220"},"modified":"2021-04-17T18:20:54","modified_gmt":"2021-04-17T18:20:54","slug":"reunion-1805-neuquen-patagonia","status":"publish","type":"post","link":"https:\/\/www.itba.edu.ar\/intranet\/graduados\/2017\/05\/10\/reunion-1805-neuquen-patagonia\/","title":{"rendered":"REUNI\u00d3N 18\/05 &#8211; Neuqu\u00e9n (Patagonia)"},"content":{"rendered":"<p>Alentando el proyecto de creaci\u00f3n de Cap\u00edtulos de Graduados ITBA en el interior del pa\u00eds, al igual que los ya existentes del exterior, el Departamento de Graduados pone toda su colaboraci\u00f3n para llegar a esa meta.<\/p>\n<p>Desde el a\u00f1o pasado un grupo de graduados de diversas carreras y promociones del ITBA radicados en Neuqu\u00e9n y alrededores, inici\u00f3 reuniones espont\u00e1neamente, coordinados por el Ingeniero en Petr\u00f3leo Jonathan Straub (Promoci\u00f3n 48).<\/p>\n<p>Acompa\u00f1ando esta iniciativa, el Depar<span class=\"text_exposed_show\">tamento de Graduados <span class=\"_5mfr _47e3\"><img loading=\"lazy\" decoding=\"async\" class=\"img\" src=\"https:\/\/www.facebook.com\/images\/emoji.php\/v8\/f25\/1\/16\/1f393.png\" alt=\"\" width=\"16\" height=\"16\" \/><span class=\"_7oe\">?<\/span><\/span> del ITBA invita a todos nuestros graduados que se encuentren en el \u00e1rea de Neuqu\u00e9n (Patagonia), a la pr\u00f3xima reuni\u00f3n de Graduados ITBA que se realizar\u00e1:<\/span><\/p>\n<div class=\"text_exposed_show\">\n<p>\u00bfCu\u00e1ndo?<br \/>\n\u2022 Jueves 18 de mayo | 21:00 horas<br \/>\n\u00bfD\u00f3nde?<br \/>\n\u2022 Las 12 sillas (restaurante) &#8211; Sargento Cabral y Larrea (Ciudad de Neuqu\u00e9n)<\/p>\n<p>\u2022 Costo del cubierto $ 500 (pesos) \u2022<\/p>\n<p>( \u2713 ) Rogamos confirmar asistencia hasta el martes 16 de mayo graduados@itba.edu.ar &#8211; (011) 2150-4800 int. 5992<\/p>\n<\/div>\n","protected":false},"excerpt":{"rendered":"<p>Alentando el proyecto de creaci\u00f3n de Cap\u00edtulos de Graduados ITBA en el interior del pa\u00eds, al igual que los ya existentes del exterior, el Departamento de Graduados pone toda su colaboraci\u00f3n para llegar a esa meta. Desde el a\u00f1o pasado un grupo de graduados de diversas carreras y promociones del ITBA radicados en Neuqu\u00e9n y [&hellip;]<\/p>\n","protected":false},"author":1731,"featured_media":221,"comment_status":"open","ping_status":"open","sticky":false,"template":"","format":"standard","meta":{"_et_pb_use_builder":"","_et_pb_old_content":"","_et_gb_content_width":"","footnotes":""},"categories":[9],"tags":[],"class_list":["post-220","post","type-post","status-publish","format-standard","has-post-thumbnail","hentry","category-noticias"],"_links":{"self":[{"href":"https:\/\/www.itba.edu.ar\/intranet\/graduados\/wp-json\/wp\/v2\/posts\/220","targetHints":{"allow":["GET"]}}],"collection":[{"href":"https:\/\/www.itba.edu.ar\/intranet\/graduados\/wp-json\/wp\/v2\/posts"}],"about":[{"href":"https:\/\/www.itba.edu.ar\/intranet\/graduados\/wp-json\/wp\/v2\/types\/post"}],"author":[{"embeddable":true,"href":"https:\/\/www.itba.edu.ar\/intranet\/graduados\/wp-json\/wp\/v2\/users\/1731"}],"replies":[{"embeddable":true,"href":"https:\/\/www.itba.edu.ar\/intranet\/graduados\/wp-json\/wp\/v2\/comments?post=220"}],"version-history":[{"count":1,"href":"https:\/\/www.itba.edu.ar\/intranet\/graduados\/wp-json\/wp\/v2\/posts\/220\/revisions"}],"predecessor-version":[{"id":222,"href":"https:\/\/www.itba.edu.ar\/intranet\/graduados\/wp-json\/wp\/v2\/posts\/220\/revisions\/222"}],"wp:featuredmedia":[{"embeddable":true,"href":"https:\/\/www.itba.edu.ar\/intranet\/graduados\/wp-json\/wp\/v2\/media\/221"}],"wp:attachment":[{"href":"https:\/\/www.itba.edu.ar\/intranet\/graduados\/wp-json\/wp\/v2\/media?parent=220"}],"wp:term":[{"taxonomy":"category","embeddable":true,"href":"https:\/\/www.itba.edu.ar\/intranet\/graduados\/wp-json\/wp\/v2\/categories?post=220"},{"taxonomy":"post_tag","embeddable":true,"href":"https:\/\/www.itba.edu.ar\/intranet\/graduados\/wp-json\/wp\/v2\/tags?post=220"}],"curies":[{"name":"wp","href":"https:\/\/api.w.org\/{rel}","templated":true}]}}