{"id":186,"date":"2017-03-09T18:29:41","date_gmt":"2017-03-09T18:29:41","guid":{"rendered":"https:\/\/www.itba.edu.ar\/intranet\/graduados\/?p=186"},"modified":"2021-04-17T18:21:53","modified_gmt":"2021-04-17T18:21:53","slug":"soldado-argentino-solo-conocido-por-dios-la-superproduccion-que-reabre-el-dialogo-sobre-malvinas","status":"publish","type":"post","link":"https:\/\/www.itba.edu.ar\/intranet\/graduados\/2017\/03\/09\/soldado-argentino-solo-conocido-por-dios-la-superproduccion-que-reabre-el-dialogo-sobre-malvinas\/","title":{"rendered":"Soldado Argentino s\u00f3lo conocido por Dios, la superproducci\u00f3n que reabre el di\u00e1logo sobre Malvinas"},"content":{"rendered":"<p>Santiago Tito, graduado de Ingenier\u00eda Industrial Promoci\u00f3n 45, es presidente de la Fundaci\u00f3n Criteria, coproductora de este largometraje de ficci\u00f3n b\u00e9lico inspirado en hechos ver\u00eddicos. Este film rescata la figura del veterano como parte de un colectivo vulnerable de la sociedad.<\/p>\n<p>La pel\u00edcula ser\u00e1 estrenada el\u00a0 jueves 6 de abril en las salas de cine de toda la Argentina.<\/p>\n<p><em>Fundaci\u00f3n Criteria<\/em> es un grupo de personas fuertemente comprometido con el bien com\u00fan y el trabajo por la Seguridad y el Desarrollo Humanos. Para eso, realiza diferentes acciones y proyectos enmarcados en la educaci\u00f3n, el medio ambiente y el cambio social. Durante abril de 2016, la Fundaci\u00f3n organiz\u00f3 e hizo realidad la Expedici\u00f3n Argentina al Polo Norte con un equipo de 9 expedicionarios. El prop\u00f3sito fue atraer la atenci\u00f3n de toda la sociedad para destacar la importancia y la necesidad de trabajar para frenar las consecuencias del cambio clim\u00e1tico.<\/p>\n<p><iframe loading=\"lazy\" width=\"1080\" height=\"608\" src=\"https:\/\/www.youtube.com\/embed\/gGu41iwum5E?feature=oembed\" frameborder=\"0\" allowfullscreen><\/iframe><\/p>\n","protected":false},"excerpt":{"rendered":"<p>Santiago Tito, graduado de Ingenier\u00eda Industrial Promoci\u00f3n 45, es presidente de la Fundaci\u00f3n Criteria, coproductora de este largometraje de ficci\u00f3n b\u00e9lico inspirado en hechos ver\u00eddicos. Este film rescata la figura del veterano como parte de un colectivo vulnerable de la sociedad. La pel\u00edcula ser\u00e1 estrenada el\u00a0 jueves 6 de abril en las salas de cine [&hellip;]<\/p>\n","protected":false},"author":931,"featured_media":0,"comment_status":"open","ping_status":"open","sticky":false,"template":"","format":"standard","meta":{"_et_pb_use_builder":"","_et_pb_old_content":"","_et_gb_content_width":"","footnotes":""},"categories":[9],"tags":[],"class_list":["post-186","post","type-post","status-publish","format-standard","hentry","category-noticias"],"_links":{"self":[{"href":"https:\/\/www.itba.edu.ar\/intranet\/graduados\/wp-json\/wp\/v2\/posts\/186","targetHints":{"allow":["GET"]}}],"collection":[{"href":"https:\/\/www.itba.edu.ar\/intranet\/graduados\/wp-json\/wp\/v2\/posts"}],"about":[{"href":"https:\/\/www.itba.edu.ar\/intranet\/graduados\/wp-json\/wp\/v2\/types\/post"}],"author":[{"embeddable":true,"href":"https:\/\/www.itba.edu.ar\/intranet\/graduados\/wp-json\/wp\/v2\/users\/931"}],"replies":[{"embeddable":true,"href":"https:\/\/www.itba.edu.ar\/intranet\/graduados\/wp-json\/wp\/v2\/comments?post=186"}],"version-history":[{"count":1,"href":"https:\/\/www.itba.edu.ar\/intranet\/graduados\/wp-json\/wp\/v2\/posts\/186\/revisions"}],"predecessor-version":[{"id":187,"href":"https:\/\/www.itba.edu.ar\/intranet\/graduados\/wp-json\/wp\/v2\/posts\/186\/revisions\/187"}],"wp:attachment":[{"href":"https:\/\/www.itba.edu.ar\/intranet\/graduados\/wp-json\/wp\/v2\/media?parent=186"}],"wp:term":[{"taxonomy":"category","embeddable":true,"href":"https:\/\/www.itba.edu.ar\/intranet\/graduados\/wp-json\/wp\/v2\/categories?post=186"},{"taxonomy":"post_tag","embeddable":true,"href":"https:\/\/www.itba.edu.ar\/intranet\/graduados\/wp-json\/wp\/v2\/tags?post=186"}],"curies":[{"name":"wp","href":"https:\/\/api.w.org\/{rel}","templated":true}]}}