{"id":5729,"date":"2026-08-25T15:40:52","date_gmt":"2026-08-25T18:40:52","guid":{"rendered":"https:\/\/www.itba.edu.ar\/intranet\/desarrollohumano\/?p=5729"},"modified":"2026-08-28T13:03:14","modified_gmt":"2026-08-28T16:03:14","slug":"conoce-a-los-nuevos-docentes-2-cuatrimestre-2026","status":"publish","type":"post","link":"https:\/\/www.itba.edu.ar\/intranet\/desarrollohumano\/2026\/08\/25\/conoce-a-los-nuevos-docentes-2-cuatrimestre-2026\/","title":{"rendered":"Conoce a los nuevos docentes | 2\u00b0 cuatrimestre 2026"},"content":{"rendered":"<p>[et_pb_section fb_built=\u00bb1&#8243; _builder_version=\u00bb4.27.6&#8243; _module_preset=\u00bbdefault\u00bb background_color=\u00bb#FFFFFF\u00bb width=\u00bb100%\u00bb max_width=\u00bb100%\u00bb custom_margin=\u00bb0px|0px|11px|0px|false|false\u00bb custom_padding=\u00bb0px|0px|0px|0px|false|false\u00bb custom_css_before=\u00bbpadding:0;||margin:0;\u00bb saved_tabs=\u00bball\u00bb global_colors_info=\u00bb{}\u00bb theme_builder_area=\u00bbpost_content\u00bb][et_pb_row admin_label=\u00bbrow\u00bb _builder_version=\u00bb4.27.6&#8243; background_size=\u00bbinitial\u00bb background_position=\u00bbtop_left\u00bb background_repeat=\u00bbrepeat\u00bb custom_margin=\u00bb|auto||28px||\u00bb hover_enabled=\u00bb0&#8243; global_colors_info=\u00bb{}\u00bb theme_builder_area=\u00bbpost_content\u00bb sticky_enabled=\u00bb0&#8243;][et_pb_column type=\u00bb4_4&#8243; _builder_version=\u00bb4.16&#8243; custom_padding=\u00bb|||\u00bb global_colors_info=\u00bb{}\u00bb custom_padding__hover=\u00bb|||\u00bb theme_builder_area=\u00bbpost_content\u00bb][et_pb_text admin_label=\u00bbText\u00bb _builder_version=\u00bb4.27.6&#8243; background_size=\u00bbinitial\u00bb background_position=\u00bbtop_left\u00bb background_repeat=\u00bbrepeat\u00bb global_colors_info=\u00bb{}\u00bb theme_builder_area=\u00bbpost_content\u00bb]<\/p>\n<p>C<em>onoce a los nuevos docentes que se suman en el 1\u00b0 cuatrimestre 2026 a la comunidad ITBA<\/em><\/p>\n<p><strong>Econom\u00eda y Negocios<\/strong><\/p>\n<p>Luciano Neimark<br \/><strong>Ing. Inform\u00e1tico ( ITBA)\u00a0<\/strong><\/p>\n<p>\u00a0Agust\u00edn Chaud Olivieri<br \/><strong>Lic. en Anal\u00edtica Empresarial y Social ( ITBA)\u00a0<\/strong><\/p>\n<p>Federico Iv\u00e1n Abancens Codara<br \/><strong>Lic. en Gesti\u00f3n de Negocios y Tecnolog\u00eda ( ITBA)\u00a0<\/strong><\/p>\n<p>\u00a0Nicolas Gabriel Cordes<br \/><strong>Ing. Industrial ( ITBA)\u00a0<\/strong><\/p>\n<p>\u00c1lvaro Dar\u00edo Mu\u00f1iz<br \/><strong>Ing. Industrial (UBA)\u00a0<\/strong><\/p>\n<p>\u00a0Pedro Felgueres<br \/><strong>Lic. en Gesti\u00f3n de Negocios (ITBA)<\/strong><\/p>\n<p>\u00a0Juli\u00e1n Castellucci<br \/><strong>Mg. en Finanzas (UCEMA) |<span> <\/span>Lic. en Administraci\u00f3n de Empresas (UCA)<\/strong><\/p>\n<p>\u00a0Andrea Lopez<br \/><strong>Mg. en Coaching Organizacional (USAL) | Abogada (UBA)<\/strong><\/p>\n<p>\u00a0Mar\u00eda Florencia Victorero<\/p>\n<p><strong><\/strong><\/p>\n<p><strong><\/strong><\/p>\n<p><strong>Sistemas Digitales y Datos<\/strong><\/p>\n<p><strong><\/strong><\/p>\n<p>Lautaro Bagnasco Muguillo<\/p>\n<p>Carla Concilio<br \/><strong>Lic. en Ciencias Biol\u00f3gicas (UBA)<\/strong><\/p>\n<p>\u00a0Federico Alscher<br \/><strong>Ing. Biom\u00e9dico (UNSAM)<\/strong><\/p>\n<p>\u00a0Fernando Tauro<br \/><strong>Ing. Electr\u00f3nico (UTN)<\/strong><\/p>\n<p>\u00a0Santiago Agust\u00edn Arrib\u00e9re<br \/><strong>Ing. Electr\u00f3nico (ITBA)<\/strong><\/p>\n<p>\u00a0Leandro Delgado<br \/><strong>Ing. de Telecomunicaciones <span class=\"iNqyIf\" data-sfc-cp=\"\" data-sfc-root=\"ep\" data-copy-service-computed-style=\"font-family: &quot;Google Sans&quot;, Arial, sans-serif; font-size: 16px; font-weight: 400; margin: 0px; text-decoration: none; border-bottom: 0px rgb(10, 10, 10);\">(UNEFA)<!--TgQPHd|||[]--><\/span>\u00a0<\/strong><\/p>\n<p>\u00a0Nicol\u00e1s Agust\u00edn Macchioli<\/p>\n<p>&nbsp;<\/p>\n<p><strong>Ambiente y Movilidad<\/strong><\/p>\n<p>Santiago Alberto Cejas<br \/><strong>Lic. en Accidentolog\u00eda y Prevensi\u00f3n Vial (IUPFA)<\/strong><\/p>\n<p>Manuel D\u00edaz Ramos<br \/><strong>Ing. Electr\u00f3nica (UBA)\u00a0<\/strong><\/p>\n<p>Marina Sarti<br \/><strong>Ing. Civil (UBA)<\/strong><\/p>\n<p>Pablo Ezequiel\u00a0 Garc\u00eda<br \/><strong>Dr. | Ingeniero Civil (UBA)<\/strong><\/p>\n<p>\u00a0Mar\u00eda Lujan Tricotti<br \/><strong>Ing. Qu\u00edmica (UBA)<\/strong><\/p>\n<p>Pablo Vitulich<br \/><strong>Dise\u00f1ador Industrial (UBA)<\/strong><\/p>\n<p>\u00a0Pablo Rozencveig<br \/><strong>Lic. en Tecnolog\u00edas Digitales para la Educaci\u00f3n (UCSE)\u00a0<\/strong><\/p>\n<p>Mart\u00edn Di Marco<br \/><strong>Ing. Civil (UBA)<\/strong><\/p>\n<p>Santiago Bertero<br \/><strong>Ing. Civil (UBA)<\/strong><\/p>\n<p>Celeste Furuya<br \/><strong>Ing Qu\u00edmica (ITBA)<\/strong><\/p>\n<p>Felipe Marina<br \/><strong>Ing. Mec\u00e1nico (ITBA)<\/strong><\/p>\n<p>\u00a0Santiago Urdapilleta<br \/><strong>Ing. Mec\u00e1nico (ITBA)<\/strong><\/p>\n<p>&nbsp;<\/p>\n<p><strong>Sistemas Complejos y Energ\u00eda<\/strong><\/p>\n<p>Federico Vignera<br \/><strong>Ing. Industrial (ITBA)<\/strong><\/p>\n<p>Carlos Eduardo Ram\u00edrez Borrero<br \/><strong>Ing. de Materiales (USB)<\/strong><\/p>\n<p>&nbsp;<\/p>\n<p>\u00a0<b>Ciencias de la Vida<\/b><\/p>\n<p>Patricio Mart\u00edn Sobrero<br \/><strong>DR. en Ciencias B\u00e1sicas y Aplicadas (UNQ) | Licenciado en Biotecnolog\u00eda (Orientaci\u00f3n en Gen\u00e9tica Molecular) (UNQ)\u00a0<\/strong><br \/><strong><\/strong><\/p>\n<p>Juan Carlos Soria<br \/><strong>Mg. Internazionalizzazione dello Sviluppo Locale (Universit\u00e0 di Bologna, Italia \/ Univ. Nac. de La Plata, Argentina)<\/strong> <strong>| Lic. Ciencia Pol\u00edtica (UBA)<\/strong><\/p>\n<p>\u00a0Ver\u00f3nica Sotomayor<br \/><strong>Lic. en Ciencias Biol\u00f3gicas ( UBA)<\/strong><\/p>\n<p>&nbsp;<\/p>\n<p>&nbsp;<\/p>\n<p>&nbsp;<\/p>\n<p>&nbsp;<\/p>\n<p>[\/et_pb_text][\/et_pb_column][\/et_pb_row][\/et_pb_section][et_pb_section fb_built=\u00bb1&#8243; _builder_version=\u00bb4.23.4&#8243; _module_preset=\u00bbdefault\u00bb background_color=\u00bb#191d2b\u00bb width=\u00bb100%\u00bb height=\u00bb316px\u00bb custom_margin=\u00bb||11px|||\u00bb custom_padding=\u00bb7px||0px|||\u00bb global_colors_info=\u00bb{}\u00bb theme_builder_area=\u00bbpost_content\u00bb][et_pb_row column_structure=\u00bb1_2,1_2&#8243; module_class=\u00bbfooter-contact-block\u00bb _builder_version=\u00bb4.17.4&#8243; _module_preset=\u00bbdefault\u00bb custom_margin=\u00bb|10px|-68px|auto||\u00bb custom_padding=\u00bb40px||0px|||\u00bb global_colors_info=\u00bb{}\u00bb theme_builder_area=\u00bbpost_content\u00bb][et_pb_column type=\u00bb1_2&#8243; _builder_version=\u00bb4.23.4&#8243; _module_preset=\u00bbdefault\u00bb global_colors_info=\u00bb{}\u00bb theme_builder_area=\u00bbpost_content\u00bb][et_pb_image src=\u00bbhttps:\/\/intranet-nv.s3.amazonaws.com\/wp-content\/uploads\/sites\/25\/2022\/03\/logoheaderDHS.png\u00bb title_text=\u00bblogoheaderDHS\u00bb _builder_version=\u00bb4.23.4&#8243; _module_preset=\u00bbdefault\u00bb global_colors_info=\u00bb{}\u00bb theme_builder_area=\u00bbpost_content\u00bb][\/et_pb_image][\/et_pb_column][et_pb_column type=\u00bb1_2&#8243; _builder_version=\u00bb4.23.4&#8243; _module_preset=\u00bbdefault\u00bb global_colors_info=\u00bb{}\u00bb theme_builder_area=\u00bbpost_content\u00bb][et_pb_text _builder_version=\u00bb4.23.4&#8243; _module_preset=\u00bbdefault\u00bb width=\u00bb92.7%\u00bb custom_margin=\u00bb|-7px||||\u00bb custom_padding=\u00bb0px|78px|14px|||\u00bb global_colors_info=\u00bb{}\u00bb theme_builder_area=\u00bbpost_content\u00bb]<\/p>\n<h1><span style=\"color: #ffffff\">\u00bfTenes alguna duda o consulta? c<\/span><span style=\"color: #ffffff\">ontactanos\u00a0<\/span><\/h1>\n<p><span style=\"color: #ffffff\"><\/span><\/p>\n<p><span style=\"color: #ffffff\"><a href=\"mailto:servicioalaspersonas@itba.edu.ar\" style=\"color: #ffffff\">servicioalaspersonas@itba.edu.ar<\/a><\/span><\/p>\n<p><span style=\"color: #ffffff\"><a href=\"mailto:infodesarrollohumano@itba.edu.ar\" style=\"color: #ffffff\">infodesarrollohumano@itba.edu.ar<\/a><\/span><\/p>\n<p><span style=\"color: #ffffff\"><span style=\"color: #333333\"><\/span><\/span><\/p>\n<p>[\/et_pb_text][\/et_pb_column][\/et_pb_row][\/et_pb_section]<\/p>\n","protected":false},"excerpt":{"rendered":"<p>Conoce a los nuevos docentes que se suman en el 1\u00b0 cuatrimestre 2026 a la comunidad ITBA Econom\u00eda y Negocios Luciano NeimarkIng. Inform\u00e1tico ( ITBA)\u00a0 \u00a0Agust\u00edn Chaud OlivieriLic. en Anal\u00edtica Empresarial y Social ( ITBA)\u00a0 Federico Iv\u00e1n Abancens CodaraLic. en Gesti\u00f3n de Negocios y Tecnolog\u00eda ( ITBA)\u00a0 \u00a0Nicolas Gabriel CordesIng. Industrial ( ITBA)\u00a0 \u00c1lvaro Dar\u00edo [&hellip;]<\/p>\n","protected":false},"author":2,"featured_media":5735,"comment_status":"closed","ping_status":"open","sticky":false,"template":"","format":"standard","meta":{"_et_pb_use_builder":"on","_et_pb_old_content":"<em><strong>Conoce a los nuevos docentes que se suman en el 1\u00b0 cuatrimestre 2026 a la comunidad ITBA<\/strong><\/em>\r\n\r\n<strong>Econom\u00eda y Negocios<\/strong>\r\n\r\nMercedes Cecilia Combet\r\nAlan Andr\u00e9s Moreno\r\n\r\n<strong>Sistemas Digitales y Datos<\/strong>\r\n\r\nFranco Eskinazi","_et_gb_content_width":"","footnotes":""},"categories":[6,7],"tags":[],"class_list":["post-5729","post","type-post","status-publish","format-standard","has-post-thumbnail","hentry","category-noticia","category-novedades"],"_links":{"self":[{"href":"https:\/\/www.itba.edu.ar\/intranet\/desarrollohumano\/wp-json\/wp\/v2\/posts\/5729","targetHints":{"allow":["GET"]}}],"collection":[{"href":"https:\/\/www.itba.edu.ar\/intranet\/desarrollohumano\/wp-json\/wp\/v2\/posts"}],"about":[{"href":"https:\/\/www.itba.edu.ar\/intranet\/desarrollohumano\/wp-json\/wp\/v2\/types\/post"}],"author":[{"embeddable":true,"href":"https:\/\/www.itba.edu.ar\/intranet\/desarrollohumano\/wp-json\/wp\/v2\/users\/2"}],"replies":[{"embeddable":true,"href":"https:\/\/www.itba.edu.ar\/intranet\/desarrollohumano\/wp-json\/wp\/v2\/comments?post=5729"}],"version-history":[{"count":9,"href":"https:\/\/www.itba.edu.ar\/intranet\/desarrollohumano\/wp-json\/wp\/v2\/posts\/5729\/revisions"}],"predecessor-version":[{"id":5749,"href":"https:\/\/www.itba.edu.ar\/intranet\/desarrollohumano\/wp-json\/wp\/v2\/posts\/5729\/revisions\/5749"}],"wp:featuredmedia":[{"embeddable":true,"href":"https:\/\/www.itba.edu.ar\/intranet\/desarrollohumano\/wp-json\/wp\/v2\/media\/5735"}],"wp:attachment":[{"href":"https:\/\/www.itba.edu.ar\/intranet\/desarrollohumano\/wp-json\/wp\/v2\/media?parent=5729"}],"wp:term":[{"taxonomy":"category","embeddable":true,"href":"https:\/\/www.itba.edu.ar\/intranet\/desarrollohumano\/wp-json\/wp\/v2\/categories?post=5729"},{"taxonomy":"post_tag","embeddable":true,"href":"https:\/\/www.itba.edu.ar\/intranet\/desarrollohumano\/wp-json\/wp\/v2\/tags?post=5729"}],"curies":[{"name":"wp","href":"https:\/\/api.w.org\/{rel}","templated":true}]}}