{"id":5423,"date":"2025-08-25T11:19:09","date_gmt":"2025-08-25T14:19:09","guid":{"rendered":"https:\/\/www.itba.edu.ar\/intranet\/desarrollohumano\/?p=5423"},"modified":"2025-11-26T10:58:29","modified_gmt":"2025-11-26T13:58:29","slug":"conoce-a-los-nuevos-docentes-2-cuatrimestre-2025","status":"publish","type":"post","link":"https:\/\/www.itba.edu.ar\/intranet\/desarrollohumano\/2025\/08\/25\/conoce-a-los-nuevos-docentes-2-cuatrimestre-2025\/","title":{"rendered":"Conoc\u00e9 a los nuevos docentes | 2\u00b0 cuatrimestre 2025"},"content":{"rendered":"<p>[et_pb_section fb_built=\u00bb1&#8243; admin_label=\u00bbsection\u00bb _builder_version=\u00bb4.16&#8243; global_colors_info=\u00bb{}\u00bb theme_builder_area=\u00bbpost_content\u00bb][et_pb_row admin_label=\u00bbrow\u00bb _builder_version=\u00bb4.16&#8243; background_size=\u00bbinitial\u00bb background_position=\u00bbtop_left\u00bb background_repeat=\u00bbrepeat\u00bb global_colors_info=\u00bb{}\u00bb theme_builder_area=\u00bbpost_content\u00bb][et_pb_column type=\u00bb4_4&#8243; _builder_version=\u00bb4.16&#8243; custom_padding=\u00bb|||\u00bb global_colors_info=\u00bb{}\u00bb custom_padding__hover=\u00bb|||\u00bb theme_builder_area=\u00bbpost_content\u00bb][et_pb_text admin_label=\u00bbText\u00bb _builder_version=\u00bb4.27.4&#8243; background_size=\u00bbinitial\u00bb background_position=\u00bbtop_left\u00bb background_repeat=\u00bbrepeat\u00bb global_colors_info=\u00bb{}\u00bb theme_builder_area=\u00bbpost_content\u00bb]<\/p>\n<p>Conoce a los nuevos docentes que se suman en el 2Q a la Comunidad ITBA<\/p>\n<p>Ciencias exactas y naturales<\/p>\n<p>Milton Pa\u00fal M\u00e1rquez Cadena<br \/>Lucas Mart\u00edn L\u00f3pez<br \/>Ines Noemi Del Castillo<br \/>Lucas Katcheroff<br \/>Christian Nahuel D\u2019Ambrosio<br \/>Emiliano Marachlian<br \/>Ramiro Lahorca<br \/>Luciana Zimmerman<br \/>Gustavo Javier Gonzalez<br \/>Abigail Stein<\/p>\n<p>Econom\u00eda y Negocios<\/p>\n<p>Lucas Buffet<br \/>Mart\u00edn Ezequiel Bertisch<br \/>Fern\u00e1n Ag\u00fcero<br \/>Pablo Blas A\u00f1es<br \/>Ileana Yacusso<br \/>Flavio Colombo<br \/>Martina Perera<br \/>Manuela Romero<br \/>Mariana Siniscalchi<br \/>FedericoPipkin<\/p>\n<p>Sistemas Complejos y Energ\u00eda<\/p>\n<p>Leila Asplanato<br \/>Alejando Hacker<br \/>Yohann Corfdir<br \/>Juan Ramon Serrano<br \/>Mariano Mena<br \/>Viktoriya Semeshenko<br \/>Sof\u00eda Macarena Annes<br \/>Clauss Sebasti\u00e1n Hinrinchs<br \/>Mar\u00eda Florencia Melendo Peirano<br \/>Mariano Nicol\u00e1s Garc\u00eda<br \/>Leandro Cuassolo Canalis<br \/>Osvaldo Javier Miranda<br \/>Mayra Florencia Arnaldo<br \/>Florencia Agatiello<br \/>Francisco Molina Portela<br \/>Abril Schafer<br \/>Marina Cristina P\u00e9rez Gaido<\/p>\n<p>&nbsp;<\/p>\n<p>Sistemas Digitales y Datos<\/p>\n<p>Leila Asplanato<br \/>Alejando Hacker<br \/>Yohann Corfdir<br \/>Juan Ramon Serrano<br \/>Mariano Mena<br \/>Santiago Hadad<br \/>Malena Banfi<br \/>Lucas Fleischer<br \/>Franco David Rupnik<br \/>Esteban Roitberg<br \/>Juan Francisco Sbruzzi<br \/>Agustin Luis Gullino<br \/>Ariel Olaf Salgado Corrado<br \/>Leonel Scalise<br \/>Alan Garbarz<br \/>Federico Jorge Marino<\/p>\n<p>Ambiente y Movilidad<\/p>\n<p>Diego Flores Marozzi<br \/>Humerto Marcelo Balzamo<br \/>Sebasti\u00e1n Mazzeo<br \/>Sergio Acevedo<br \/>Marcelo Alberto Calvo<br \/>Andr\u00e9 Caminoa<br \/>Romina Risetto<br \/>Fernando Guzm\u00e1n Cieri<br \/>Jos\u00e9 Conrado Hormachea<br \/>Jessica Wasilevich<br \/>Abraham Becerra<br \/>Jazmile Katheryn Zelaya Icaza<br \/>Emiliano Nicola<br \/>Javier P\u00e9rez<br \/>Mariana Silvina Sammartino<br \/>Ariel Alberto Filadoro<br \/>Agust\u00edn Wainer<\/p>\n<p>Ciencias de la Vida<\/p>\n<p>Maria Natalia Rubinsztain<br \/>Santiago Birnie Scott<br \/>Ana Julia Velez Rueda<br \/>Josefina Iribarne<br \/>Manuela Alanis<br \/>Nicole Czemerinski<br \/>Patricio Whittingslow<br \/>Carlos Alfredo Pretell Annan<\/p>\n<p>[\/et_pb_text][\/et_pb_column][\/et_pb_row][\/et_pb_section]<\/p>\n","protected":false},"excerpt":{"rendered":"<p>Conoce a los nuevos docentes que se suman en el 2Q a la Comunidad ITBA Ciencias exactas y naturales Milton Pa\u00fal M\u00e1rquez CadenaLucas Mart\u00edn L\u00f3pezInes Noemi Del CastilloLucas KatcheroffChristian Nahuel D\u2019AmbrosioEmiliano MarachlianRamiro LahorcaLuciana ZimmermanGustavo Javier GonzalezAbigail Stein Econom\u00eda y Negocios Lucas BuffetMart\u00edn Ezequiel BertischFern\u00e1n Ag\u00fceroPablo Blas A\u00f1esIleana YacussoFlavio ColomboMartina PereraManuela RomeroMariana SiniscalchiFedericoPipkin Sistemas Complejos y [&hellip;]<\/p>\n","protected":false},"author":7002,"featured_media":4835,"comment_status":"closed","ping_status":"open","sticky":false,"template":"","format":"standard","meta":{"_et_pb_use_builder":"on","_et_pb_old_content":"Conoce a los nuevos docentes que se suman en el 2Q a la Comunidad ITBA","_et_gb_content_width":"","footnotes":""},"categories":[6,7],"tags":[],"class_list":["post-5423","post","type-post","status-publish","format-standard","has-post-thumbnail","hentry","category-noticia","category-novedades"],"_links":{"self":[{"href":"https:\/\/www.itba.edu.ar\/intranet\/desarrollohumano\/wp-json\/wp\/v2\/posts\/5423","targetHints":{"allow":["GET"]}}],"collection":[{"href":"https:\/\/www.itba.edu.ar\/intranet\/desarrollohumano\/wp-json\/wp\/v2\/posts"}],"about":[{"href":"https:\/\/www.itba.edu.ar\/intranet\/desarrollohumano\/wp-json\/wp\/v2\/types\/post"}],"author":[{"embeddable":true,"href":"https:\/\/www.itba.edu.ar\/intranet\/desarrollohumano\/wp-json\/wp\/v2\/users\/7002"}],"replies":[{"embeddable":true,"href":"https:\/\/www.itba.edu.ar\/intranet\/desarrollohumano\/wp-json\/wp\/v2\/comments?post=5423"}],"version-history":[{"count":7,"href":"https:\/\/www.itba.edu.ar\/intranet\/desarrollohumano\/wp-json\/wp\/v2\/posts\/5423\/revisions"}],"predecessor-version":[{"id":5489,"href":"https:\/\/www.itba.edu.ar\/intranet\/desarrollohumano\/wp-json\/wp\/v2\/posts\/5423\/revisions\/5489"}],"wp:featuredmedia":[{"embeddable":true,"href":"https:\/\/www.itba.edu.ar\/intranet\/desarrollohumano\/wp-json\/wp\/v2\/media\/4835"}],"wp:attachment":[{"href":"https:\/\/www.itba.edu.ar\/intranet\/desarrollohumano\/wp-json\/wp\/v2\/media?parent=5423"}],"wp:term":[{"taxonomy":"category","embeddable":true,"href":"https:\/\/www.itba.edu.ar\/intranet\/desarrollohumano\/wp-json\/wp\/v2\/categories?post=5423"},{"taxonomy":"post_tag","embeddable":true,"href":"https:\/\/www.itba.edu.ar\/intranet\/desarrollohumano\/wp-json\/wp\/v2\/tags?post=5423"}],"curies":[{"name":"wp","href":"https:\/\/api.w.org\/{rel}","templated":true}]}}