{"id":4953,"date":"2024-07-25T17:31:17","date_gmt":"2024-07-25T20:31:17","guid":{"rendered":"https:\/\/www.itba.edu.ar\/intranet\/desarrollohumano\/?p=4953"},"modified":"2025-01-06T15:23:33","modified_gmt":"2025-01-06T18:23:33","slug":"conoce-a-los-nuevos-docentes","status":"publish","type":"post","link":"https:\/\/www.itba.edu.ar\/intranet\/desarrollohumano\/2024\/07\/25\/conoce-a-los-nuevos-docentes\/","title":{"rendered":"Conoc\u00e9 a los nuevos docentes | 2\u00b0 cuatrimestre"},"content":{"rendered":"<p>[et_pb_section fb_built=\u00bb1&#8243; admin_label=\u00bbsection\u00bb _builder_version=\u00bb4.16&#8243; global_colors_info=\u00bb{}\u00bb theme_builder_area=\u00bbpost_content\u00bb][et_pb_row admin_label=\u00bbrow\u00bb _builder_version=\u00bb4.16&#8243; background_size=\u00bbinitial\u00bb background_position=\u00bbtop_left\u00bb background_repeat=\u00bbrepeat\u00bb global_colors_info=\u00bb{}\u00bb theme_builder_area=\u00bbpost_content\u00bb][et_pb_column type=\u00bb4_4&#8243; _builder_version=\u00bb4.16&#8243; custom_padding=\u00bb|||\u00bb global_colors_info=\u00bb{}\u00bb custom_padding__hover=\u00bb|||\u00bb theme_builder_area=\u00bbpost_content\u00bb][et_pb_text admin_label=\u00bbText\u00bb _builder_version=\u00bb4.16&#8243; background_size=\u00bbinitial\u00bb background_position=\u00bbtop_left\u00bb background_repeat=\u00bbrepeat\u00bb global_colors_info=\u00bb{}\u00bb theme_builder_area=\u00bbpost_content\u00bb]<\/p>\n<p><strong><br \/>Conoce a los nuevos docentes que se suman en el 2Q a la Comunidad ITBA<\/strong><\/p>\n<p><strong>Ambiente y Movilidad<\/strong><\/p>\n<p>Alzari, Mar\u00eda Jos\u00e9<br \/>Biglieri, Catalina<br \/>Cervini Bohm, Marcos<br \/>Chiachiarelli, Francisco<br \/>Cuello, Mar\u00eda Guadalupe<br \/>De Vita, Fabi\u00e1n Dar\u00edo<br \/>Di Nunzio, Adri\u00e1n<br \/>Fraga, Leila Belen<br \/>Gonz\u00e1lez Arismendi, Daniela Soledad<br \/>Hryb Dami\u00e1n Emmanuel<br \/>Mariani, Hugo<br \/>Migone, Mar\u00eda Bel\u00e9n<br \/>Nicolas Alejandro Spensieri<br \/>Picotti, Claudio<br \/>Pouton, Javier Gonzalo<br \/>Rossen, Ariana<br \/>Wais de Badgen, Irene<\/p>\n<p><strong>Ciencias de la vida<\/strong><\/p>\n<p>Blaustein Kappelmacher, Mat\u00edas<br \/>Budnik, Nicol\u00e1s<br \/>Cerretini, Sof\u00eda<br \/>Cueto, Gerardo Rub\u00e9n<br \/>Daitch, Daiana Paula<br \/>Dubois Veronica<br \/>Herrera Yaspe, Carlos Alejandro<br \/>Larangeira, Andrea<br \/>Locascio, Mar\u00eda Florencia<br \/>Longinotti, Mar\u00eda Gloria<br \/>Medina, Jorge<br \/>Monsalve, Leandro<br \/>Pafundo, Diego Esteban<br \/>Panza, Gustavo<br \/>Pl\u00fcss, Ramiro<\/p>\n<p><strong>Ciencias Exactas y Naturales<\/strong><\/p>\n<p>Catolino, Lucas<br \/>Ludmila, Rosa<br \/>Mocecian, Aram Christian<br \/>Politi, Marcos<br \/>Santos, Noelia Ayelen<\/p>\n<p><strong>Economia y Negocios<\/strong><\/p>\n<p>Martillana, Mariel<br \/>Aguiar, Nicol\u00e1s<br \/>Barriga, Raul Hernan<br \/>Blanco, Pablo Javier<br \/>Freire, Patricio<br \/>Garc\u00eda Vildoza, Juan Manuel<br \/>Noguera Abril<br \/>Postigo, Sergio<br \/>Reyser Horacio<br \/>Sarabia, Marianela<br \/>Ugarte Larra\u00edn, Pedro<br \/>Vart\u00e1n Tossounian, Andres<br \/>Viscardi, Agust\u00edn<br \/>Collado, Camila<br \/>Ferrari, Manuel<br \/>Gollo, Franco David<br \/>Paz, Alejandro<br \/>Pepe, Corina Isabel<br \/>Tenuta, Cristian Gabriel<br \/>Uranga, F\u00e9lix Carmelo<br \/>Vargas, Mar\u00eda Veronica<\/p>\n<p><strong>Sistemas Digitales y Datos<\/strong><\/p>\n<p>Abalde, Roberto<br \/>Abosso, Franco Mariano<br \/>Beade, Gonzalo Manuel<br \/>Borzino, Gonzalo<br \/>Capurro, Lucila<br \/>Caram, Leonidas<br \/>Celeste Guagliano<br \/>Diego Gaspar Sanchez<br \/>Elffman, Tomas<br \/>Figueroa, Alejo Agust\u00edn<br \/>Galdeman, Agustin Ignacio<br \/>Galende, Lautaro<br \/>Golmar, Mario Agust\u00edn<br \/>Gonz\u00e1lez, Mar\u00eda Agustina<br \/>Guarino, Paulo<br \/>Henrion, Guillermo<br \/>Larroque, Matias Agust\u00edn<br \/>Lovato, Silvia B.<br \/>Mateos Diaz,Cristian<br \/>Shinzato, Ezequiel<br \/>Suarez, Leandro<br \/>Thays, Clara<\/p>\n<p><strong>Sistemas Complejos y Energia<\/strong><\/p>\n<p>Anchorena, Ignacio<br \/>Calvo, Manuel<br \/>Carlos Augusto Coccia<br \/>Casti\u00f1eiras, Lourdes Nicole<br \/>Dopazo Sergio<br \/>Estanislao Pereyra Iraola<br \/>Fragu\u00edo, Juan Martin<br \/>Kourani, Agustin<br \/>Koutoudjian, Guillermo Adolfo<br \/>Lestingi, Patricio<br \/>Montoya, Gabriel<br \/>Reyna, Marcelo<br \/>Rosano, Veronica<br \/>Scardino, Mart\u00edn Miguel<br \/>Vignolo, Bernardo<\/p>\n<p>[\/et_pb_text][\/et_pb_column][\/et_pb_row][\/et_pb_section]<\/p>\n","protected":false},"excerpt":{"rendered":"<p>Conoce a los nuevos docentes que se suman en el 2Q a la Comunidad ITBA Ambiente y Movilidad Alzari, Mar\u00eda Jos\u00e9Biglieri, CatalinaCervini Bohm, MarcosChiachiarelli, FranciscoCuello, Mar\u00eda GuadalupeDe Vita, Fabi\u00e1n Dar\u00edoDi Nunzio, Adri\u00e1nFraga, Leila BelenGonz\u00e1lez Arismendi, Daniela SoledadHryb Dami\u00e1n EmmanuelMariani, HugoMigone, Mar\u00eda Bel\u00e9nNicolas Alejandro SpensieriPicotti, ClaudioPouton, Javier GonzaloRossen, ArianaWais de Badgen, Irene Ciencias de la vida [&hellip;]<\/p>\n","protected":false},"author":4510,"featured_media":4296,"comment_status":"closed","ping_status":"open","sticky":false,"template":"","format":"standard","meta":{"_et_pb_use_builder":"on","_et_pb_old_content":"<strong>Conoc\u00e9 a los nuevos docentes que se suman en el 2Q a la Comunidad ITBA<\/strong>\r\n\r\n\r\n<strong>Ambiente y Movilidad<\/strong>\r\nBiglieri, Catalina\r\n\r\n<strong>Ciencias de la vida<\/strong>\r\nHerrera Yaspe, Carlos Alejandro\r\nPanza, Gustavo\r\n\r\n<strong>Ciencias Exactas y Naturales<\/strong>\r\nLudmila, Rosa\r\nMocecian, Aram Christian\r\nPoliti, Marcos\r\nSantos, Noelia Ayelen\r\n\r\n<strong>Economia y Negocios<\/strong>\r\nAguiar, Nicol\u00e1s\r\nBarriga, Raul Hernan\r\nFreire, Patricio\r\nPostigo, Sergio\r\nReyser, Horacio\r\nUgarte Larra\u00edn, Pedro\r\nVart\u00e1n Tossounian, Andres\r\n\r\n<strong>Sistemas Complejos y Energia<\/strong>\r\nDopazo, Sergio \r\nKourani, Agustin\r\nLestingi, Patricio\r\nPereyra Iraola Estanislao \r\nRosano, Veronica\r\nVignolo, Bernardo\r\n\r\n<strong>Sistemas Digitales y Datos<\/strong>\r\nAbosso, Franco Mariano\r\nBorzino, Gonzalo\r\nCapurro, Lucila\r\nCaram, Leonidas\r\nGaldeman, Agustin Ignacio\r\nGalende, Lautaro\r\nGolmar, Mario Agust\u00edn\r\nGuagliano, Celeste \r\nLovato, Silvia B.\r\nMateos Diaz,Cristian \r\nSelser, Agustina\r\n\r\n","_et_gb_content_width":"","footnotes":""},"categories":[6,7],"tags":[],"class_list":["post-4953","post","type-post","status-publish","format-standard","has-post-thumbnail","hentry","category-noticia","category-novedades"],"_links":{"self":[{"href":"https:\/\/www.itba.edu.ar\/intranet\/desarrollohumano\/wp-json\/wp\/v2\/posts\/4953","targetHints":{"allow":["GET"]}}],"collection":[{"href":"https:\/\/www.itba.edu.ar\/intranet\/desarrollohumano\/wp-json\/wp\/v2\/posts"}],"about":[{"href":"https:\/\/www.itba.edu.ar\/intranet\/desarrollohumano\/wp-json\/wp\/v2\/types\/post"}],"author":[{"embeddable":true,"href":"https:\/\/www.itba.edu.ar\/intranet\/desarrollohumano\/wp-json\/wp\/v2\/users\/4510"}],"replies":[{"embeddable":true,"href":"https:\/\/www.itba.edu.ar\/intranet\/desarrollohumano\/wp-json\/wp\/v2\/comments?post=4953"}],"version-history":[{"count":15,"href":"https:\/\/www.itba.edu.ar\/intranet\/desarrollohumano\/wp-json\/wp\/v2\/posts\/4953\/revisions"}],"predecessor-version":[{"id":5051,"href":"https:\/\/www.itba.edu.ar\/intranet\/desarrollohumano\/wp-json\/wp\/v2\/posts\/4953\/revisions\/5051"}],"wp:featuredmedia":[{"embeddable":true,"href":"https:\/\/www.itba.edu.ar\/intranet\/desarrollohumano\/wp-json\/wp\/v2\/media\/4296"}],"wp:attachment":[{"href":"https:\/\/www.itba.edu.ar\/intranet\/desarrollohumano\/wp-json\/wp\/v2\/media?parent=4953"}],"wp:term":[{"taxonomy":"category","embeddable":true,"href":"https:\/\/www.itba.edu.ar\/intranet\/desarrollohumano\/wp-json\/wp\/v2\/categories?post=4953"},{"taxonomy":"post_tag","embeddable":true,"href":"https:\/\/www.itba.edu.ar\/intranet\/desarrollohumano\/wp-json\/wp\/v2\/tags?post=4953"}],"curies":[{"name":"wp","href":"https:\/\/api.w.org\/{rel}","templated":true}]}}