{"id":4893,"date":"2024-04-16T19:27:23","date_gmt":"2024-04-16T22:27:23","guid":{"rendered":"https:\/\/www.itba.edu.ar\/intranet\/desarrollohumano\/?p=4893"},"modified":"2024-04-23T17:36:07","modified_gmt":"2024-04-23T20:36:07","slug":"conversaciones-con-el-rector-2","status":"publish","type":"post","link":"https:\/\/www.itba.edu.ar\/intranet\/desarrollohumano\/2024\/04\/16\/conversaciones-con-el-rector-2\/","title":{"rendered":"Conversaciones con el Rector"},"content":{"rendered":"<p>[et_pb_section fb_built=\u00bb1&#8243; admin_label=\u00bbsection\u00bb _builder_version=\u00bb4.16&#8243; global_colors_info=\u00bb{}\u00bb theme_builder_area=\u00bbpost_content\u00bb][et_pb_row admin_label=\u00bbrow\u00bb _builder_version=\u00bb4.16&#8243; background_size=\u00bbinitial\u00bb background_position=\u00bbtop_left\u00bb background_repeat=\u00bbrepeat\u00bb global_colors_info=\u00bb{}\u00bb theme_builder_area=\u00bbpost_content\u00bb][et_pb_column type=\u00bb4_4&#8243; _builder_version=\u00bb4.16&#8243; custom_padding=\u00bb|||\u00bb global_colors_info=\u00bb{}\u00bb custom_padding__hover=\u00bb|||\u00bb theme_builder_area=\u00bbpost_content\u00bb][et_pb_text admin_label=\u00bbText\u00bb _builder_version=\u00bb4.24.2&#8243; background_size=\u00bbinitial\u00bb background_position=\u00bbtop_left\u00bb background_repeat=\u00bbrepeat\u00bb global_colors_info=\u00bb{}\u00bb theme_builder_area=\u00bbpost_content\u00bb]<\/p>\n<blockquote>\n<h2>Conversaciones con el Rector<\/h2>\n<\/blockquote>\n<p><span style=\"font-weight: 400\">El mi\u00e9rcoles 10 de abril se realiz\u00f3 el encuentro de Conversaciones con el Rector donde se convers\u00f3 sobre:\u00a0\u00a0<\/span><\/p>\n<ul>\n<li><b>La composici\u00f3n de los Consejos de la Universidad y el Informe de gesti\u00f3n de la Universidad <\/b>\n<p><b><\/b>\u00a0<\/p>\n<\/li>\n<li><b>Proyecto SIS<br \/><\/b>Se inform\u00f3 acerca del avance del proyecto, la fecha prevista de implementaci\u00f3n de Anthology y se comparti\u00f3 la p\u00e1gina web para ver todas las novedades:\u00a0<span style=\"font-weight: 400\"><a href=\"https:\/\/proyectosis.itba.edu.ar\/\">https:\/\/proyectosis.itba.edu.ar\/<\/a><a href=\"https:\/\/proyectosis.itba.edu.ar\/\">\u00a0<\/a><\/span><\/li>\n<\/ul>\n<p><span style=\"font-weight: 400\"><\/span><\/p>\n<p><span style=\"font-weight: 400\"><\/span><\/p>\n<ul>\n<li><b>Futuro Edificio<br \/><\/b><span style=\"font-weight: 400\">Se compartieron las noticias m\u00e1s relevantes del proyecto del Futuro Edificio. Por un lado, la presentaci\u00f3n del proyecto arquitect\u00f3nico del estudio MSGSSV y por otro el avance en el anteproyecto de dise\u00f1o de interiorismo del estudio MIA WORKS. Se realizaron diversas acciones sumando la participaci\u00f3n activa de equipos multidisciplinarios representantes de las diversas \u00e1reas de nuestra universidad las cuales brindaron una visi\u00f3n integral y diversa de las necesidades y aspiraciones de nuestra comunidad.<\/span><span style=\"font-weight: 400\">Para mas informaci\u00f3n: <\/span><a href=\"https:\/\/www.itba.edu.ar\/futuroedificio\/novedades\/\"><span style=\"font-weight: 400\">https:\/\/www.itba.edu.ar\/futuroedificio\/novedades\/<\/span><\/a><\/li>\n<\/ul>\n<p>[\/et_pb_text][\/et_pb_column][\/et_pb_row][\/et_pb_section]<\/p>\n","protected":false},"excerpt":{"rendered":"<p>Conversaciones con el Rector El mi\u00e9rcoles 10 de abril se realiz\u00f3 el encuentro de Conversaciones con el Rector donde se convers\u00f3 sobre:\u00a0\u00a0 La composici\u00f3n de los Consejos de la Universidad y el Informe de gesti\u00f3n de la Universidad \u00a0 Proyecto SISSe inform\u00f3 acerca del avance del proyecto, la fecha prevista de implementaci\u00f3n de Anthology y [&hellip;]<\/p>\n","protected":false},"author":4035,"featured_media":4894,"comment_status":"closed","ping_status":"open","sticky":false,"template":"","format":"standard","meta":{"_et_pb_use_builder":"on","_et_pb_old_content":"<blockquote>\r\n<h2>Experiencia ITBA: Conversaciones con el Rector<\/h2>\r\n<\/blockquote>\r\n<h5>El miercoles 10 de abril nos encontramos para compartir una nueva edici\u00f3n presencial de Conversaciones con el Rector.<\/h5>\r\n<h5>El rector comparti\u00f3 novedades de la Universidad y expectativas para el a\u00f1o 2024.<\/h5>\r\n<a href=\"https:\/\/www.itba.edu.ar\/intranet\/desarrollohumano\/2024\/04\/16\/conversaciones-con-el-rector-2\/img-20240410-wa0047\/\" rel=\"attachment wp-att-4899\"><img class=\"aligncenter size-large wp-image-4899\" src=\"https:\/\/www.itba.edu.ar\/intranet\/desarrollohumano\/wp-content\/uploads\/sites\/25\/2024\/04\/IMG-20240410-WA0047-1024x461.jpg\" alt=\"\" width=\"1024\" height=\"461\" \/><\/a>\r\n\r\n<a href=\"https:\/\/www.itba.edu.ar\/intranet\/desarrollohumano\/2024\/04\/16\/conversaciones-con-el-rector-2\/img-20240410-wa0010\/\" rel=\"attachment wp-att-4894\"><img class=\"aligncenter size-large wp-image-4894\" src=\"https:\/\/www.itba.edu.ar\/intranet\/desarrollohumano\/wp-content\/uploads\/sites\/25\/2024\/04\/IMG-20240410-WA0010-1024x461.jpg\" alt=\"\" width=\"1024\" height=\"461\" \/><\/a>\r\n<h1><\/h1>","_et_gb_content_width":"","footnotes":""},"categories":[6,7],"tags":[],"class_list":["post-4893","post","type-post","status-publish","format-standard","has-post-thumbnail","hentry","category-noticia","category-novedades"],"_links":{"self":[{"href":"https:\/\/www.itba.edu.ar\/intranet\/desarrollohumano\/wp-json\/wp\/v2\/posts\/4893","targetHints":{"allow":["GET"]}}],"collection":[{"href":"https:\/\/www.itba.edu.ar\/intranet\/desarrollohumano\/wp-json\/wp\/v2\/posts"}],"about":[{"href":"https:\/\/www.itba.edu.ar\/intranet\/desarrollohumano\/wp-json\/wp\/v2\/types\/post"}],"author":[{"embeddable":true,"href":"https:\/\/www.itba.edu.ar\/intranet\/desarrollohumano\/wp-json\/wp\/v2\/users\/4035"}],"replies":[{"embeddable":true,"href":"https:\/\/www.itba.edu.ar\/intranet\/desarrollohumano\/wp-json\/wp\/v2\/comments?post=4893"}],"version-history":[{"count":11,"href":"https:\/\/www.itba.edu.ar\/intranet\/desarrollohumano\/wp-json\/wp\/v2\/posts\/4893\/revisions"}],"predecessor-version":[{"id":4921,"href":"https:\/\/www.itba.edu.ar\/intranet\/desarrollohumano\/wp-json\/wp\/v2\/posts\/4893\/revisions\/4921"}],"wp:featuredmedia":[{"embeddable":true,"href":"https:\/\/www.itba.edu.ar\/intranet\/desarrollohumano\/wp-json\/wp\/v2\/media\/4894"}],"wp:attachment":[{"href":"https:\/\/www.itba.edu.ar\/intranet\/desarrollohumano\/wp-json\/wp\/v2\/media?parent=4893"}],"wp:term":[{"taxonomy":"category","embeddable":true,"href":"https:\/\/www.itba.edu.ar\/intranet\/desarrollohumano\/wp-json\/wp\/v2\/categories?post=4893"},{"taxonomy":"post_tag","embeddable":true,"href":"https:\/\/www.itba.edu.ar\/intranet\/desarrollohumano\/wp-json\/wp\/v2\/tags?post=4893"}],"curies":[{"name":"wp","href":"https:\/\/api.w.org\/{rel}","templated":true}]}}