{"id":4495,"date":"2023-12-21T14:36:13","date_gmt":"2023-12-21T17:36:13","guid":{"rendered":"https:\/\/www.itba.edu.ar\/intranet\/desarrollohumano\/?p=4495"},"modified":"2024-01-02T10:59:10","modified_gmt":"2024-01-02T13:59:10","slug":"funcionamiento-de-las-sedes-desde-el-26-al-29-de-diciembre","status":"publish","type":"post","link":"https:\/\/www.itba.edu.ar\/intranet\/desarrollohumano\/2023\/12\/21\/funcionamiento-de-las-sedes-desde-el-26-al-29-de-diciembre\/","title":{"rendered":"Funcionamiento de las sedes desde el 26 al 29 de diciembre"},"content":{"rendered":"<p>Informamos que desde el 26 hasta el 29 de diciembre se desarrollar\u00e1 el <strong>periodo obligatorio de vacaciones<\/strong> para todas las \u00e1reas de la Universidad.<br \/>\nDurante esa semana las sedes permanecer\u00e1n sin actividad.<\/p>\n","protected":false},"excerpt":{"rendered":"<p>Informamos que desde el 26 hasta el 29 de diciembre se desarrollar\u00e1 el periodo obligatorio de vacaciones para todas las \u00e1reas de la Universidad. Durante esa semana las sedes permanecer\u00e1n sin actividad.<\/p>\n","protected":false},"author":4510,"featured_media":4496,"comment_status":"open","ping_status":"open","sticky":false,"template":"","format":"standard","meta":{"_et_pb_use_builder":"","_et_pb_old_content":"","_et_gb_content_width":"","footnotes":""},"categories":[7],"tags":[],"class_list":["post-4495","post","type-post","status-publish","format-standard","has-post-thumbnail","hentry","category-novedades"],"_links":{"self":[{"href":"https:\/\/www.itba.edu.ar\/intranet\/desarrollohumano\/wp-json\/wp\/v2\/posts\/4495","targetHints":{"allow":["GET"]}}],"collection":[{"href":"https:\/\/www.itba.edu.ar\/intranet\/desarrollohumano\/wp-json\/wp\/v2\/posts"}],"about":[{"href":"https:\/\/www.itba.edu.ar\/intranet\/desarrollohumano\/wp-json\/wp\/v2\/types\/post"}],"author":[{"embeddable":true,"href":"https:\/\/www.itba.edu.ar\/intranet\/desarrollohumano\/wp-json\/wp\/v2\/users\/4510"}],"replies":[{"embeddable":true,"href":"https:\/\/www.itba.edu.ar\/intranet\/desarrollohumano\/wp-json\/wp\/v2\/comments?post=4495"}],"version-history":[{"count":2,"href":"https:\/\/www.itba.edu.ar\/intranet\/desarrollohumano\/wp-json\/wp\/v2\/posts\/4495\/revisions"}],"predecessor-version":[{"id":4498,"href":"https:\/\/www.itba.edu.ar\/intranet\/desarrollohumano\/wp-json\/wp\/v2\/posts\/4495\/revisions\/4498"}],"wp:featuredmedia":[{"embeddable":true,"href":"https:\/\/www.itba.edu.ar\/intranet\/desarrollohumano\/wp-json\/wp\/v2\/media\/4496"}],"wp:attachment":[{"href":"https:\/\/www.itba.edu.ar\/intranet\/desarrollohumano\/wp-json\/wp\/v2\/media?parent=4495"}],"wp:term":[{"taxonomy":"category","embeddable":true,"href":"https:\/\/www.itba.edu.ar\/intranet\/desarrollohumano\/wp-json\/wp\/v2\/categories?post=4495"},{"taxonomy":"post_tag","embeddable":true,"href":"https:\/\/www.itba.edu.ar\/intranet\/desarrollohumano\/wp-json\/wp\/v2\/tags?post=4495"}],"curies":[{"name":"wp","href":"https:\/\/api.w.org\/{rel}","templated":true}]}}