{"id":3607,"date":"2023-01-24T15:21:10","date_gmt":"2023-01-24T18:21:10","guid":{"rendered":"https:\/\/www.itba.edu.ar\/intranet\/desarrollohumano\/?p=3607"},"modified":"2023-10-23T13:03:53","modified_gmt":"2023-10-23T16:03:53","slug":"obras-en-las-sedes","status":"publish","type":"post","link":"https:\/\/www.itba.edu.ar\/intranet\/desarrollohumano\/2023\/01\/24\/obras-en-las-sedes\/","title":{"rendered":"Obras en las sedes"},"content":{"rendered":"<p>Durante enero y febrero se realizar\u00e1n intervenciones para la readecuaci\u00f3n de algunos de los espacios de la Universidad con el fin de mejorar nuestros servicios y la experiencia en las sedes.<br \/>\nTen\u00e9 en cuenta que estas pueden generar ruido o imposibilitar el uso de los espacios en cuesti\u00f3n, en todos los casos, se intentar\u00e1 minimizar el impacto.<br \/>\n\u00a1Pronto te contaremos novedades sobre las obras!<\/p>\n","protected":false},"excerpt":{"rendered":"<p>Durante enero y febrero se realizar\u00e1n intervenciones para la readecuaci\u00f3n de algunos de los espacios de la Universidad con el fin de mejorar nuestros servicios y la experiencia en las sedes. Ten\u00e9 en cuenta que estas pueden generar ruido o imposibilitar el uso de los espacios en cuesti\u00f3n, en todos los casos, se intentar\u00e1 minimizar [&hellip;]<\/p>\n","protected":false},"author":4510,"featured_media":3608,"comment_status":"open","ping_status":"open","sticky":false,"template":"","format":"standard","meta":{"_et_pb_use_builder":"","_et_pb_old_content":"","_et_gb_content_width":"","footnotes":""},"categories":[7,1],"tags":[],"class_list":["post-3607","post","type-post","status-publish","format-standard","has-post-thumbnail","hentry","category-novedades","category-sin-categoria"],"_links":{"self":[{"href":"https:\/\/www.itba.edu.ar\/intranet\/desarrollohumano\/wp-json\/wp\/v2\/posts\/3607","targetHints":{"allow":["GET"]}}],"collection":[{"href":"https:\/\/www.itba.edu.ar\/intranet\/desarrollohumano\/wp-json\/wp\/v2\/posts"}],"about":[{"href":"https:\/\/www.itba.edu.ar\/intranet\/desarrollohumano\/wp-json\/wp\/v2\/types\/post"}],"author":[{"embeddable":true,"href":"https:\/\/www.itba.edu.ar\/intranet\/desarrollohumano\/wp-json\/wp\/v2\/users\/4510"}],"replies":[{"embeddable":true,"href":"https:\/\/www.itba.edu.ar\/intranet\/desarrollohumano\/wp-json\/wp\/v2\/comments?post=3607"}],"version-history":[{"count":2,"href":"https:\/\/www.itba.edu.ar\/intranet\/desarrollohumano\/wp-json\/wp\/v2\/posts\/3607\/revisions"}],"predecessor-version":[{"id":3786,"href":"https:\/\/www.itba.edu.ar\/intranet\/desarrollohumano\/wp-json\/wp\/v2\/posts\/3607\/revisions\/3786"}],"wp:featuredmedia":[{"embeddable":true,"href":"https:\/\/www.itba.edu.ar\/intranet\/desarrollohumano\/wp-json\/wp\/v2\/media\/3608"}],"wp:attachment":[{"href":"https:\/\/www.itba.edu.ar\/intranet\/desarrollohumano\/wp-json\/wp\/v2\/media?parent=3607"}],"wp:term":[{"taxonomy":"category","embeddable":true,"href":"https:\/\/www.itba.edu.ar\/intranet\/desarrollohumano\/wp-json\/wp\/v2\/categories?post=3607"},{"taxonomy":"post_tag","embeddable":true,"href":"https:\/\/www.itba.edu.ar\/intranet\/desarrollohumano\/wp-json\/wp\/v2\/tags?post=3607"}],"curies":[{"name":"wp","href":"https:\/\/api.w.org\/{rel}","templated":true}]}}