{"id":4065,"date":"2022-10-21T08:00:22","date_gmt":"2022-10-21T11:00:22","guid":{"rendered":"http:\/\/campusitba-test.itba.edu.ar\/wordpress\/?p=4065"},"modified":"2025-10-13T18:39:57","modified_gmt":"2025-10-13T21:39:57","slug":"ex-tiro-federal-asi-sera-la-universidad-4-0-que-funcionara-en-el-parque-de-la-innovacion-que-se-construye-en-nunez","status":"publish","type":"post","link":"https:\/\/www.itba.edu.ar\/campusitba\/ex-tiro-federal-asi-sera-la-universidad-4-0-que-funcionara-en-el-parque-de-la-innovacion-que-se-construye-en-nunez\/","title":{"rendered":"Ex Tiro Federal: as\u00ed ser\u00e1 la universidad 4.0 que funcionar\u00e1 en el Parque de la Innovaci\u00f3n que se construye en Nu\u00f1ez"},"content":{"rendered":"\n[et_pb_section fb_built=&#8221;1&#8243; _builder_version=&#8221;4.16&#8243; global_colors_info=&#8221;{}&#8221; theme_builder_area=&#8221;post_content&#8221;][et_pb_row _builder_version=&#8221;4.16&#8243; background_size=&#8221;initial&#8221; background_position=&#8221;top_left&#8221; background_repeat=&#8221;repeat&#8221; global_colors_info=&#8221;{}&#8221; theme_builder_area=&#8221;post_content&#8221;][et_pb_column type=&#8221;4_4&#8243; _builder_version=&#8221;4.16&#8243; custom_padding=&#8221;|||&#8221; global_colors_info=&#8221;{}&#8221; custom_padding__hover=&#8221;|||&#8221; theme_builder_area=&#8221;post_content&#8221;][et_pb_text _builder_version=&#8221;4.20.2&#8243; background_size=&#8221;initial&#8221; background_position=&#8221;top_left&#8221; background_repeat=&#8221;repeat&#8221; global_colors_info=&#8221;{}&#8221; theme_builder_area=&#8221;post_content&#8221;]<h5 class=\"com-subhead --bajada --m-xs-\"><strong>Diario La Naci\u00f3n \/ <\/strong><\/h5>\n<p class=\"com-subhead --bajada --m-xs-\"><strong>El espacio educativo estar\u00e1 a la altura de las universidades m\u00e1s importantes del mundo, promete convertirse en un \u00edcono regional y estar\u00e1 en el Silicon Valley porte\u00f1o.<\/strong><\/p>\n<p class=\"com-paragraph  --capital --s\">El Instituto Tecnol\u00f3gico de Buenos Aires (ITBA), que fue fundado hace m\u00e1s de 60 a\u00f1os, anunci\u00f3 la creaci\u00f3n de su<strong>\u00a0sede principal, la cual se comenzar\u00e1 a levantar en el Parque de Innovaci\u00f3n<\/strong>\u00a0de la ciudad de Buenos Aires.<\/p>\n<p class=\"com-paragraph   --s\">\u201cEn el ITBA apostamos por una universidad que pueda aportar m\u00e1s talento para el desarrollo de la sociedad. Esta idea va de la mano con el concepto de lo que llamamos una<strong>\u00a0universidad 4.0\u00a0<\/strong>porque buscamos una instituci\u00f3n que est\u00e9 100% conectada con todo su ecosistema: empresas y organizaciones, con el sistema cient\u00edfico, equipos de trabajo y donde la oferta acad\u00e9mica tambi\u00e9n se enlace entre s\u00ed\u201d, reflexiona Andr\u00e9s Basilio Agres, rector de la instituci\u00f3n educativa.<\/p>\n<p class=\"com-paragraph   --s\"><a href=\"https:\/\/www.lanacion.com.ar\/propiedades\/ex-tiro-federal-asi-sera-la-universidad-40-que-funcionara-en-el-parque-de-la-innovacion-que-se-nid20102022\/\">&gt;&gt; Leer la nota completa en Diario La Naci\u00f3n<\/a><\/p>\n<p class=\"com-paragraph   --s\">Por\u00a0<a class=\"com-link --autor\" title=\"Ir a notas de Leandro Murciego\" href=\"https:\/\/www.lanacion.com.ar\/autor\/leandro-murciego-281\/\">Leandro Murciego<\/a><\/p>[\/et_pb_text][\/et_pb_column][\/et_pb_row][\/et_pb_section]\n","protected":false},"excerpt":{"rendered":"<p>Diario La Naci\u00f3n \/ El espacio educativo estar\u00e1 a la altura de las universidades m\u00e1s importantes del mundo, promete convertirse en un \u00edcono regional y estar\u00e1 en el Silicon Valley porte\u00f1o. El Instituto Tecnol\u00f3gico de Buenos Aires (ITBA), que fue fundado hace m\u00e1s de 60 a\u00f1os, anunci\u00f3 la creaci\u00f3n de su\u00a0sede principal, la cual se [&hellip;]<\/p>\n","protected":false},"author":239,"featured_media":6113,"comment_status":"open","ping_status":"open","sticky":false,"template":"","format":"standard","meta":{"_et_pb_use_builder":"on","_et_pb_old_content":"<h5 class=\"com-subhead --bajada --m-xs-\"><strong>Diario La Naci\u00f3n \/ <\/strong><\/h5><p class=\"com-subhead --bajada --m-xs-\"><strong>El espacio educativo estar\u00e1 a la altura de las universidades m\u00e1s importantes del mundo, promete convertirse en un \u00edcono regional y estar\u00e1 en el Silicon Valley porte\u00f1o.<\/strong><\/p><p class=\"com-paragraph  --capital --s\">El Instituto Tecnol\u00f3gico de Buenos Aires (ITBA), que fue fundado hace m\u00e1s de 60 a\u00f1os, anunci\u00f3 la creaci\u00f3n de su<strong>\u00a0sede principal, la cual se comenzar\u00e1 a levantar en el Parque de Innovaci\u00f3n<\/strong>\u00a0de la ciudad de Buenos Aires.<\/p><p class=\"com-paragraph   --s\">\u201cEn el ITBA apostamos por una universidad que pueda aportar m\u00e1s talento para el desarrollo de la sociedad. Esta idea va de la mano con el concepto de lo que llamamos una<strong>\u00a0universidad 4.0\u00a0<\/strong>porque buscamos una instituci\u00f3n que est\u00e9 100% conectada con todo su ecosistema: empresas y organizaciones, con el sistema cient\u00edfico, equipos de trabajo y donde la oferta acad\u00e9mica tambi\u00e9n se enlace entre s\u00ed\u201d, reflexiona Andr\u00e9s Basilio Agres, rector de la instituci\u00f3n educativa.<\/p><p class=\"com-paragraph   --s\"><a href=\"https:\/\/www.lanacion.com.ar\/propiedades\/ex-tiro-federal-asi-sera-la-universidad-40-que-funcionara-en-el-parque-de-la-innovacion-que-se-nid20102022\/\">>> Leer la nota completa en Diario La Naci\u00f3n<\/a><\/p><pre class=\"com-paragraph   --s\">Por\u00a0<a class=\"com-link --autor\" title=\"Ir a notas de Leandro Murciego\" href=\"https:\/\/www.lanacion.com.ar\/autor\/leandro-murciego-281\/\">Leandro Murciego<\/a><\/pre>","_et_gb_content_width":"","footnotes":""},"categories":[221],"tags":[191,436,206,272],"class_list":["post-4065","post","type-post","status-publish","format-standard","has-post-thumbnail","hentry","category-prensa-es","tag-campus-universitario-es","tag-diario-la-nacion","tag-parque-de-innovacion-es","tag-universidad-4-0-es"],"yoast_head":"<!-- This site is optimized with the Yoast SEO plugin v27.5 - https:\/\/yoast.com\/product\/yoast-seo-wordpress\/ -->\n<title>Ex Tiro Federal: as\u00ed ser\u00e1 la universidad 4.0 que funcionar\u00e1 en el Parque de la Innovaci\u00f3n que se construye en Nu\u00f1ez - Campus ITBA<\/title>\n<meta name=\"robots\" content=\"index, follow, max-snippet:-1, max-image-preview:large, max-video-preview:-1\" \/>\n<link rel=\"canonical\" href=\"https:\/\/www.itba.edu.ar\/campusitba\/ex-tiro-federal-asi-sera-la-universidad-4-0-que-funcionara-en-el-parque-de-la-innovacion-que-se-construye-en-nunez\/\" \/>\n<meta property=\"og:locale\" content=\"es_ES\" \/>\n<meta property=\"og:type\" content=\"article\" \/>\n<meta property=\"og:title\" content=\"Ex Tiro Federal: as\u00ed ser\u00e1 la universidad 4.0 que funcionar\u00e1 en el Parque de la Innovaci\u00f3n que se construye en Nu\u00f1ez - Campus ITBA\" \/>\n<meta property=\"og:description\" content=\"Diario La Naci\u00f3n \/ El espacio educativo estar\u00e1 a la altura de las universidades m\u00e1s importantes del mundo, promete convertirse en un \u00edcono regional y estar\u00e1 en el Silicon Valley porte\u00f1o. El Instituto Tecnol\u00f3gico de Buenos Aires (ITBA), que fue fundado hace m\u00e1s de 60 a\u00f1os, anunci\u00f3 la creaci\u00f3n de su\u00a0sede principal, la cual se [&hellip;]\" \/>\n<meta property=\"og:url\" content=\"https:\/\/www.itba.edu.ar\/campusitba\/ex-tiro-federal-asi-sera-la-universidad-4-0-que-funcionara-en-el-parque-de-la-innovacion-que-se-construye-en-nunez\/\" \/>\n<meta property=\"og:site_name\" content=\"Campus ITBA\" \/>\n<meta property=\"article:published_time\" content=\"2022-10-21T11:00:22+00:00\" \/>\n<meta property=\"article:modified_time\" content=\"2025-10-13T21:39:57+00:00\" \/>\n<meta property=\"og:image\" content=\"https:\/\/campusitba.s3.amazonaws.com\/campusitba\/wp-content\/uploads\/2022\/10\/Portadas-Prensa-08.jpg\" \/>\n\t<meta property=\"og:image:width\" content=\"1024\" \/>\n\t<meta property=\"og:image:height\" content=\"486\" \/>\n\t<meta property=\"og:image:type\" content=\"image\/jpeg\" \/>\n<meta name=\"author\" content=\"vmasini\" \/>\n<meta name=\"twitter:card\" content=\"summary_large_image\" \/>\n<meta name=\"twitter:label1\" content=\"Escrito por\" \/>\n\t<meta name=\"twitter:data1\" content=\"vmasini\" \/>\n\t<meta name=\"twitter:label2\" content=\"Tiempo de lectura\" \/>\n\t<meta name=\"twitter:data2\" content=\"1 minuto\" \/>\n<script type=\"application\/ld+json\" class=\"yoast-schema-graph\">{\"@context\":\"https:\\\/\\\/schema.org\",\"@graph\":[{\"@type\":\"Article\",\"@id\":\"https:\\\/\\\/www.itba.edu.ar\\\/campusitba\\\/ex-tiro-federal-asi-sera-la-universidad-4-0-que-funcionara-en-el-parque-de-la-innovacion-que-se-construye-en-nunez\\\/#article\",\"isPartOf\":{\"@id\":\"https:\\\/\\\/www.itba.edu.ar\\\/campusitba\\\/ex-tiro-federal-asi-sera-la-universidad-4-0-que-funcionara-en-el-parque-de-la-innovacion-que-se-construye-en-nunez\\\/\"},\"author\":{\"name\":\"vmasini\",\"@id\":\"https:\\\/\\\/www.itba.edu.ar\\\/campusitba\\\/#\\\/schema\\\/person\\\/d6a44ec7f1cf5ac153bb1dd5036f8fc1\"},\"headline\":\"Ex Tiro Federal: as\u00ed ser\u00e1 la universidad 4.0 que funcionar\u00e1 en el Parque de la Innovaci\u00f3n que se construye en Nu\u00f1ez\",\"datePublished\":\"2022-10-21T11:00:22+00:00\",\"dateModified\":\"2025-10-13T21:39:57+00:00\",\"mainEntityOfPage\":{\"@id\":\"https:\\\/\\\/www.itba.edu.ar\\\/campusitba\\\/ex-tiro-federal-asi-sera-la-universidad-4-0-que-funcionara-en-el-parque-de-la-innovacion-que-se-construye-en-nunez\\\/\"},\"wordCount\":284,\"commentCount\":0,\"publisher\":{\"@id\":\"https:\\\/\\\/www.itba.edu.ar\\\/campusitba\\\/#organization\"},\"image\":{\"@id\":\"https:\\\/\\\/www.itba.edu.ar\\\/campusitba\\\/ex-tiro-federal-asi-sera-la-universidad-4-0-que-funcionara-en-el-parque-de-la-innovacion-que-se-construye-en-nunez\\\/#primaryimage\"},\"thumbnailUrl\":\"https:\\\/\\\/www.itba.edu.ar\\\/campusitba\\\/wp-content\\\/uploads\\\/2022\\\/10\\\/Portadas-Prensa-08.jpg\",\"keywords\":[\"Campus Universitario\",\"Diario la Nacion\",\"Parque de Innovaci\u00f3n\",\"Universidad 4.0\"],\"articleSection\":[\"Prensa\"],\"inLanguage\":\"es-AR\",\"potentialAction\":[{\"@type\":\"CommentAction\",\"name\":\"Comment\",\"target\":[\"https:\\\/\\\/www.itba.edu.ar\\\/campusitba\\\/ex-tiro-federal-asi-sera-la-universidad-4-0-que-funcionara-en-el-parque-de-la-innovacion-que-se-construye-en-nunez\\\/#respond\"]}]},{\"@type\":\"WebPage\",\"@id\":\"https:\\\/\\\/www.itba.edu.ar\\\/campusitba\\\/ex-tiro-federal-asi-sera-la-universidad-4-0-que-funcionara-en-el-parque-de-la-innovacion-que-se-construye-en-nunez\\\/\",\"url\":\"https:\\\/\\\/www.itba.edu.ar\\\/campusitba\\\/ex-tiro-federal-asi-sera-la-universidad-4-0-que-funcionara-en-el-parque-de-la-innovacion-que-se-construye-en-nunez\\\/\",\"name\":\"Ex Tiro Federal: as\u00ed ser\u00e1 la universidad 4.0 que funcionar\u00e1 en el Parque de la Innovaci\u00f3n que se construye en Nu\u00f1ez - Campus ITBA\",\"isPartOf\":{\"@id\":\"https:\\\/\\\/www.itba.edu.ar\\\/campusitba\\\/#website\"},\"primaryImageOfPage\":{\"@id\":\"https:\\\/\\\/www.itba.edu.ar\\\/campusitba\\\/ex-tiro-federal-asi-sera-la-universidad-4-0-que-funcionara-en-el-parque-de-la-innovacion-que-se-construye-en-nunez\\\/#primaryimage\"},\"image\":{\"@id\":\"https:\\\/\\\/www.itba.edu.ar\\\/campusitba\\\/ex-tiro-federal-asi-sera-la-universidad-4-0-que-funcionara-en-el-parque-de-la-innovacion-que-se-construye-en-nunez\\\/#primaryimage\"},\"thumbnailUrl\":\"https:\\\/\\\/www.itba.edu.ar\\\/campusitba\\\/wp-content\\\/uploads\\\/2022\\\/10\\\/Portadas-Prensa-08.jpg\",\"datePublished\":\"2022-10-21T11:00:22+00:00\",\"dateModified\":\"2025-10-13T21:39:57+00:00\",\"breadcrumb\":{\"@id\":\"https:\\\/\\\/www.itba.edu.ar\\\/campusitba\\\/ex-tiro-federal-asi-sera-la-universidad-4-0-que-funcionara-en-el-parque-de-la-innovacion-que-se-construye-en-nunez\\\/#breadcrumb\"},\"inLanguage\":\"es-AR\",\"potentialAction\":[{\"@type\":\"ReadAction\",\"target\":[\"https:\\\/\\\/www.itba.edu.ar\\\/campusitba\\\/ex-tiro-federal-asi-sera-la-universidad-4-0-que-funcionara-en-el-parque-de-la-innovacion-que-se-construye-en-nunez\\\/\"]}]},{\"@type\":\"ImageObject\",\"inLanguage\":\"es-AR\",\"@id\":\"https:\\\/\\\/www.itba.edu.ar\\\/campusitba\\\/ex-tiro-federal-asi-sera-la-universidad-4-0-que-funcionara-en-el-parque-de-la-innovacion-que-se-construye-en-nunez\\\/#primaryimage\",\"url\":\"https:\\\/\\\/www.itba.edu.ar\\\/campusitba\\\/wp-content\\\/uploads\\\/2022\\\/10\\\/Portadas-Prensa-08.jpg\",\"contentUrl\":\"https:\\\/\\\/www.itba.edu.ar\\\/campusitba\\\/wp-content\\\/uploads\\\/2022\\\/10\\\/Portadas-Prensa-08.jpg\",\"width\":1024,\"height\":486},{\"@type\":\"BreadcrumbList\",\"@id\":\"https:\\\/\\\/www.itba.edu.ar\\\/campusitba\\\/ex-tiro-federal-asi-sera-la-universidad-4-0-que-funcionara-en-el-parque-de-la-innovacion-que-se-construye-en-nunez\\\/#breadcrumb\",\"itemListElement\":[{\"@type\":\"ListItem\",\"position\":1,\"name\":\"Inicio\",\"item\":\"https:\\\/\\\/www.itba.edu.ar\\\/campusitba\\\/\"},{\"@type\":\"ListItem\",\"position\":2,\"name\":\"Ex Tiro Federal: as\u00ed ser\u00e1 la universidad 4.0 que funcionar\u00e1 en el Parque de la Innovaci\u00f3n que se construye en Nu\u00f1ez\"}]},{\"@type\":\"WebSite\",\"@id\":\"https:\\\/\\\/www.itba.edu.ar\\\/campusitba\\\/#website\",\"url\":\"https:\\\/\\\/www.itba.edu.ar\\\/campusitba\\\/\",\"name\":\"Campus ITBA\",\"description\":\"El futuro se construye. La ingenier\u00eda evoluciona.\",\"publisher\":{\"@id\":\"https:\\\/\\\/www.itba.edu.ar\\\/campusitba\\\/#organization\"},\"potentialAction\":[{\"@type\":\"SearchAction\",\"target\":{\"@type\":\"EntryPoint\",\"urlTemplate\":\"https:\\\/\\\/www.itba.edu.ar\\\/campusitba\\\/?s={search_term_string}\"},\"query-input\":{\"@type\":\"PropertyValueSpecification\",\"valueRequired\":true,\"valueName\":\"search_term_string\"}}],\"inLanguage\":\"es-AR\"},{\"@type\":\"Organization\",\"@id\":\"https:\\\/\\\/www.itba.edu.ar\\\/campusitba\\\/#organization\",\"name\":\"Campus ITBA\",\"url\":\"https:\\\/\\\/www.itba.edu.ar\\\/campusitba\\\/\",\"logo\":{\"@type\":\"ImageObject\",\"inLanguage\":\"es-AR\",\"@id\":\"https:\\\/\\\/www.itba.edu.ar\\\/campusitba\\\/#\\\/schema\\\/logo\\\/image\\\/\",\"url\":\"https:\\\/\\\/campusitba.s3.amazonaws.com\\\/campusitba\\\/wp-content\\\/uploads\\\/2025\\\/09\\\/LOGO-CAMPUS-ITBA-RGB-01.png\",\"contentUrl\":\"https:\\\/\\\/campusitba.s3.amazonaws.com\\\/campusitba\\\/wp-content\\\/uploads\\\/2025\\\/09\\\/LOGO-CAMPUS-ITBA-RGB-01.png\",\"width\":1374,\"height\":400,\"caption\":\"Campus ITBA\"},\"image\":{\"@id\":\"https:\\\/\\\/www.itba.edu.ar\\\/campusitba\\\/#\\\/schema\\\/logo\\\/image\\\/\"},\"sameAs\":[\"https:\\\/\\\/www.instagram.com\\\/campusitba\\\/\"]},{\"@type\":\"Person\",\"@id\":\"https:\\\/\\\/www.itba.edu.ar\\\/campusitba\\\/#\\\/schema\\\/person\\\/d6a44ec7f1cf5ac153bb1dd5036f8fc1\",\"name\":\"vmasini\",\"url\":\"https:\\\/\\\/www.itba.edu.ar\\\/campusitba\\\/author\\\/vmasini\\\/\"}]}<\/script>\n<!-- \/ Yoast SEO plugin. -->","yoast_head_json":{"title":"Ex Tiro Federal: as\u00ed ser\u00e1 la universidad 4.0 que funcionar\u00e1 en el Parque de la Innovaci\u00f3n que se construye en Nu\u00f1ez - Campus ITBA","robots":{"index":"index","follow":"follow","max-snippet":"max-snippet:-1","max-image-preview":"max-image-preview:large","max-video-preview":"max-video-preview:-1"},"canonical":"https:\/\/www.itba.edu.ar\/campusitba\/ex-tiro-federal-asi-sera-la-universidad-4-0-que-funcionara-en-el-parque-de-la-innovacion-que-se-construye-en-nunez\/","og_locale":"es_ES","og_type":"article","og_title":"Ex Tiro Federal: as\u00ed ser\u00e1 la universidad 4.0 que funcionar\u00e1 en el Parque de la Innovaci\u00f3n que se construye en Nu\u00f1ez - Campus ITBA","og_description":"Diario La Naci\u00f3n \/ El espacio educativo estar\u00e1 a la altura de las universidades m\u00e1s importantes del mundo, promete convertirse en un \u00edcono regional y estar\u00e1 en el Silicon Valley porte\u00f1o. El Instituto Tecnol\u00f3gico de Buenos Aires (ITBA), que fue fundado hace m\u00e1s de 60 a\u00f1os, anunci\u00f3 la creaci\u00f3n de su\u00a0sede principal, la cual se [&hellip;]","og_url":"https:\/\/www.itba.edu.ar\/campusitba\/ex-tiro-federal-asi-sera-la-universidad-4-0-que-funcionara-en-el-parque-de-la-innovacion-que-se-construye-en-nunez\/","og_site_name":"Campus ITBA","article_published_time":"2022-10-21T11:00:22+00:00","article_modified_time":"2025-10-13T21:39:57+00:00","og_image":[{"width":1024,"height":486,"url":"https:\/\/campusitba.s3.amazonaws.com\/campusitba\/wp-content\/uploads\/2022\/10\/Portadas-Prensa-08.jpg","type":"image\/jpeg"}],"author":"vmasini","twitter_card":"summary_large_image","twitter_misc":{"Escrito por":"vmasini","Tiempo de lectura":"1 minuto"},"schema":{"@context":"https:\/\/schema.org","@graph":[{"@type":"Article","@id":"https:\/\/www.itba.edu.ar\/campusitba\/ex-tiro-federal-asi-sera-la-universidad-4-0-que-funcionara-en-el-parque-de-la-innovacion-que-se-construye-en-nunez\/#article","isPartOf":{"@id":"https:\/\/www.itba.edu.ar\/campusitba\/ex-tiro-federal-asi-sera-la-universidad-4-0-que-funcionara-en-el-parque-de-la-innovacion-que-se-construye-en-nunez\/"},"author":{"name":"vmasini","@id":"https:\/\/www.itba.edu.ar\/campusitba\/#\/schema\/person\/d6a44ec7f1cf5ac153bb1dd5036f8fc1"},"headline":"Ex Tiro Federal: as\u00ed ser\u00e1 la universidad 4.0 que funcionar\u00e1 en el Parque de la Innovaci\u00f3n que se construye en Nu\u00f1ez","datePublished":"2022-10-21T11:00:22+00:00","dateModified":"2025-10-13T21:39:57+00:00","mainEntityOfPage":{"@id":"https:\/\/www.itba.edu.ar\/campusitba\/ex-tiro-federal-asi-sera-la-universidad-4-0-que-funcionara-en-el-parque-de-la-innovacion-que-se-construye-en-nunez\/"},"wordCount":284,"commentCount":0,"publisher":{"@id":"https:\/\/www.itba.edu.ar\/campusitba\/#organization"},"image":{"@id":"https:\/\/www.itba.edu.ar\/campusitba\/ex-tiro-federal-asi-sera-la-universidad-4-0-que-funcionara-en-el-parque-de-la-innovacion-que-se-construye-en-nunez\/#primaryimage"},"thumbnailUrl":"https:\/\/www.itba.edu.ar\/campusitba\/wp-content\/uploads\/2022\/10\/Portadas-Prensa-08.jpg","keywords":["Campus Universitario","Diario la Nacion","Parque de Innovaci\u00f3n","Universidad 4.0"],"articleSection":["Prensa"],"inLanguage":"es-AR","potentialAction":[{"@type":"CommentAction","name":"Comment","target":["https:\/\/www.itba.edu.ar\/campusitba\/ex-tiro-federal-asi-sera-la-universidad-4-0-que-funcionara-en-el-parque-de-la-innovacion-que-se-construye-en-nunez\/#respond"]}]},{"@type":"WebPage","@id":"https:\/\/www.itba.edu.ar\/campusitba\/ex-tiro-federal-asi-sera-la-universidad-4-0-que-funcionara-en-el-parque-de-la-innovacion-que-se-construye-en-nunez\/","url":"https:\/\/www.itba.edu.ar\/campusitba\/ex-tiro-federal-asi-sera-la-universidad-4-0-que-funcionara-en-el-parque-de-la-innovacion-que-se-construye-en-nunez\/","name":"Ex Tiro Federal: as\u00ed ser\u00e1 la universidad 4.0 que funcionar\u00e1 en el Parque de la Innovaci\u00f3n que se construye en Nu\u00f1ez - Campus ITBA","isPartOf":{"@id":"https:\/\/www.itba.edu.ar\/campusitba\/#website"},"primaryImageOfPage":{"@id":"https:\/\/www.itba.edu.ar\/campusitba\/ex-tiro-federal-asi-sera-la-universidad-4-0-que-funcionara-en-el-parque-de-la-innovacion-que-se-construye-en-nunez\/#primaryimage"},"image":{"@id":"https:\/\/www.itba.edu.ar\/campusitba\/ex-tiro-federal-asi-sera-la-universidad-4-0-que-funcionara-en-el-parque-de-la-innovacion-que-se-construye-en-nunez\/#primaryimage"},"thumbnailUrl":"https:\/\/www.itba.edu.ar\/campusitba\/wp-content\/uploads\/2022\/10\/Portadas-Prensa-08.jpg","datePublished":"2022-10-21T11:00:22+00:00","dateModified":"2025-10-13T21:39:57+00:00","breadcrumb":{"@id":"https:\/\/www.itba.edu.ar\/campusitba\/ex-tiro-federal-asi-sera-la-universidad-4-0-que-funcionara-en-el-parque-de-la-innovacion-que-se-construye-en-nunez\/#breadcrumb"},"inLanguage":"es-AR","potentialAction":[{"@type":"ReadAction","target":["https:\/\/www.itba.edu.ar\/campusitba\/ex-tiro-federal-asi-sera-la-universidad-4-0-que-funcionara-en-el-parque-de-la-innovacion-que-se-construye-en-nunez\/"]}]},{"@type":"ImageObject","inLanguage":"es-AR","@id":"https:\/\/www.itba.edu.ar\/campusitba\/ex-tiro-federal-asi-sera-la-universidad-4-0-que-funcionara-en-el-parque-de-la-innovacion-que-se-construye-en-nunez\/#primaryimage","url":"https:\/\/www.itba.edu.ar\/campusitba\/wp-content\/uploads\/2022\/10\/Portadas-Prensa-08.jpg","contentUrl":"https:\/\/www.itba.edu.ar\/campusitba\/wp-content\/uploads\/2022\/10\/Portadas-Prensa-08.jpg","width":1024,"height":486},{"@type":"BreadcrumbList","@id":"https:\/\/www.itba.edu.ar\/campusitba\/ex-tiro-federal-asi-sera-la-universidad-4-0-que-funcionara-en-el-parque-de-la-innovacion-que-se-construye-en-nunez\/#breadcrumb","itemListElement":[{"@type":"ListItem","position":1,"name":"Inicio","item":"https:\/\/www.itba.edu.ar\/campusitba\/"},{"@type":"ListItem","position":2,"name":"Ex Tiro Federal: as\u00ed ser\u00e1 la universidad 4.0 que funcionar\u00e1 en el Parque de la Innovaci\u00f3n que se construye en Nu\u00f1ez"}]},{"@type":"WebSite","@id":"https:\/\/www.itba.edu.ar\/campusitba\/#website","url":"https:\/\/www.itba.edu.ar\/campusitba\/","name":"Campus ITBA","description":"El futuro se construye. La ingenier\u00eda evoluciona.","publisher":{"@id":"https:\/\/www.itba.edu.ar\/campusitba\/#organization"},"potentialAction":[{"@type":"SearchAction","target":{"@type":"EntryPoint","urlTemplate":"https:\/\/www.itba.edu.ar\/campusitba\/?s={search_term_string}"},"query-input":{"@type":"PropertyValueSpecification","valueRequired":true,"valueName":"search_term_string"}}],"inLanguage":"es-AR"},{"@type":"Organization","@id":"https:\/\/www.itba.edu.ar\/campusitba\/#organization","name":"Campus ITBA","url":"https:\/\/www.itba.edu.ar\/campusitba\/","logo":{"@type":"ImageObject","inLanguage":"es-AR","@id":"https:\/\/www.itba.edu.ar\/campusitba\/#\/schema\/logo\/image\/","url":"https:\/\/campusitba.s3.amazonaws.com\/campusitba\/wp-content\/uploads\/2025\/09\/LOGO-CAMPUS-ITBA-RGB-01.png","contentUrl":"https:\/\/campusitba.s3.amazonaws.com\/campusitba\/wp-content\/uploads\/2025\/09\/LOGO-CAMPUS-ITBA-RGB-01.png","width":1374,"height":400,"caption":"Campus ITBA"},"image":{"@id":"https:\/\/www.itba.edu.ar\/campusitba\/#\/schema\/logo\/image\/"},"sameAs":["https:\/\/www.instagram.com\/campusitba\/"]},{"@type":"Person","@id":"https:\/\/www.itba.edu.ar\/campusitba\/#\/schema\/person\/d6a44ec7f1cf5ac153bb1dd5036f8fc1","name":"vmasini","url":"https:\/\/www.itba.edu.ar\/campusitba\/author\/vmasini\/"}]}},"_links":{"self":[{"href":"https:\/\/www.itba.edu.ar\/campusitba\/wp-json\/wp\/v2\/posts\/4065","targetHints":{"allow":["GET"]}}],"collection":[{"href":"https:\/\/www.itba.edu.ar\/campusitba\/wp-json\/wp\/v2\/posts"}],"about":[{"href":"https:\/\/www.itba.edu.ar\/campusitba\/wp-json\/wp\/v2\/types\/post"}],"author":[{"embeddable":true,"href":"https:\/\/www.itba.edu.ar\/campusitba\/wp-json\/wp\/v2\/users\/239"}],"replies":[{"embeddable":true,"href":"https:\/\/www.itba.edu.ar\/campusitba\/wp-json\/wp\/v2\/comments?post=4065"}],"version-history":[{"count":8,"href":"https:\/\/www.itba.edu.ar\/campusitba\/wp-json\/wp\/v2\/posts\/4065\/revisions"}],"predecessor-version":[{"id":6395,"href":"https:\/\/www.itba.edu.ar\/campusitba\/wp-json\/wp\/v2\/posts\/4065\/revisions\/6395"}],"wp:featuredmedia":[{"embeddable":true,"href":"https:\/\/www.itba.edu.ar\/campusitba\/wp-json\/wp\/v2\/media\/6113"}],"wp:attachment":[{"href":"https:\/\/www.itba.edu.ar\/campusitba\/wp-json\/wp\/v2\/media?parent=4065"}],"wp:term":[{"taxonomy":"category","embeddable":true,"href":"https:\/\/www.itba.edu.ar\/campusitba\/wp-json\/wp\/v2\/categories?post=4065"},{"taxonomy":"post_tag","embeddable":true,"href":"https:\/\/www.itba.edu.ar\/campusitba\/wp-json\/wp\/v2\/tags?post=4065"}],"curies":[{"name":"wp","href":"https:\/\/api.w.org\/{rel}","templated":true}]}}