{"id":1972,"date":"2023-06-28T16:07:50","date_gmt":"2023-06-28T19:07:50","guid":{"rendered":"http:\/\/campusitba-test.itba.edu.ar\/wordpress\/?p=1972"},"modified":"2025-10-13T16:56:58","modified_gmt":"2025-10-13T19:56:58","slug":"ideas-rectoras-para-el-diseno-del-proyecto-del-futuro-edificio","status":"publish","type":"post","link":"https:\/\/www.itba.edu.ar\/campusitba\/ideas-rectoras-para-el-diseno-del-proyecto-del-futuro-edificio\/","title":{"rendered":"Ideas Rectoras para el dise\u00f1o del proyecto del Futuro Edificio"},"content":{"rendered":"<p>[et_pb_section fb_built=&#8221;1&#8243; _builder_version=&#8221;4.16&#8243; global_colors_info=&#8221;{}&#8221; theme_builder_area=&#8221;post_content&#8221;][et_pb_row _builder_version=&#8221;4.27.4&#8243; background_size=&#8221;initial&#8221; background_position=&#8221;top_left&#8221; background_repeat=&#8221;repeat&#8221; hover_enabled=&#8221;0&#8243; global_colors_info=&#8221;{}&#8221; theme_builder_area=&#8221;post_content&#8221; width=&#8221;90%&#8221; sticky_enabled=&#8221;0&#8243;][et_pb_column type=&#8221;4_4&#8243; _builder_version=&#8221;4.16&#8243; custom_padding=&#8221;|||&#8221; global_colors_info=&#8221;{}&#8221; custom_padding__hover=&#8221;|||&#8221; theme_builder_area=&#8221;post_content&#8221;][et_pb_text _builder_version=&#8221;4.20.2&#8243; header_4_font=&#8221;Nunito Sans|||on|||||&#8221; header_4_text_color=&#8221;#0076BE&#8221; header_4_font_size=&#8221;17px&#8221; header_4_letter_spacing=&#8221;2px&#8221; background_size=&#8221;initial&#8221; background_position=&#8221;top_left&#8221; background_repeat=&#8221;repeat&#8221; global_colors_info=&#8221;{}&#8221; theme_builder_area=&#8221;post_content&#8221;]<span style=\"font-weight: 400\">En 2022 se realiz\u00f3 el<\/span><b> Concurso de Ideas<\/b><span style=\"font-weight: 400\"> para el Futuro Edificio.\u00a0 El concurso fue privado y no vinculante donde s<\/span><span style=\"font-weight: 400\">e invit\u00f3 a participar a estudios de primer nivel nacionales e internacionales. Se recibieron cinco propuestas con muy buenas ideas y un alto grado de desarrollo.\u00a0<\/span><\/p>\n<p>De este concurso surgieron las ideas rectoras, aquellos conceptos clave que guiar\u00e1n el dise\u00f1o y la funcionalidad del Futuro Edificio. Aspiramos a que la nueva sede logre plasmar la visi\u00f3n y el prop\u00f3sito del ITBA y sea un reflejo de su identidad influyendo en los aspectos como la arquitectura, la distribuci\u00f3n espacial y las muchas caracter\u00edsticas espec\u00edficas que anhelamos para nuestra comunidad.<\/p>\n<blockquote><p><strong><em>\u201cUn edificio est\u00e9ticamente agradable, disruptivo, que se convierta en \u00edcono de la arquitectura universitaria a nivel nacional y regional\u201d<\/em>.<\/strong><\/p>\n<p>Esta es la meta seg\u00fan <strong>Andr\u00e9 Caminoa,<\/strong> Director de Infraestructura de la Unidad Desarrolladora del Futuro Edificio del ITBA.<\/p><\/blockquote>\n<p><strong>La expectativa sobre la nueva sede del ITBA se sustenta en los criterios de tecnolog\u00eda, innovaci\u00f3n, sustentabilidad y encuentro como sus principales ejes.<\/strong> Una combinaci\u00f3n equilibrada y una integraci\u00f3n armoniosa seg\u00fan las siguientes caracter\u00edsticas:<\/p>\n<h4><\/h4>\n<h4><strong>Identidad exterior:<\/strong><\/h4>\n<p><span style=\"font-weight: 400\">\u2192 Dise\u00f1o arquitect\u00f3nico de calidad que represente al ITBA.<\/span><span style=\"font-weight: 400\"><br \/>\n<\/span><span style=\"font-weight: 400\">\u2192 Innovaci\u00f3n.<\/span><span style=\"font-weight: 400\"><br \/>\n<\/span><span style=\"font-weight: 400\">\u2192 Tecnolog\u00eda.<\/span><span style=\"font-weight: 400\"><br \/>\n<\/span><span style=\"font-weight: 400\">\u2192 Edificio capaz de ser referente en la ciudad.<\/span><\/p>\n<h4><\/h4>\n<h4><strong>Identidad interior:<\/strong><\/h4>\n<p><span style=\"font-weight: 400\">\u2192 Elecci\u00f3n de materiales que aportan calidez.<\/span><span style=\"font-weight: 400\"><br \/>\n<\/span><span style=\"font-weight: 400\">\u2192 Dise\u00f1o de espacios de calidad.<\/span><span style=\"font-weight: 400\"><br \/>\n<\/span><span style=\"font-weight: 400\">\u2192 Moderno.<\/span><span style=\"font-weight: 400\"><br \/>\n<\/span><span style=\"font-weight: 400\">\u2192 Contempor\u00e1neo.<\/span><span style=\"font-weight: 400\"><br \/>\n<\/span><span style=\"font-weight: 400\">\u2192 Perdurable.<\/span><\/p>\n<h4><\/h4>\n<h4><strong>Espacios de encuentro:<\/strong><\/h4>\n<p><span style=\"font-weight: 400\">\u2192 Espacios pensados y dise\u00f1ados para la comunidad.<\/span><span style=\"font-weight: 400\"><br \/>\n<\/span><span style=\"font-weight: 400\">\u2192 Considera expansiones verdes en terrazas y lotes contiguos.<\/span><span style=\"font-weight: 400\"><br \/>\n<\/span><span style=\"font-weight: 400\">\u2192 Iluminaci\u00f3n natural y visuales hacia la ciudad.<\/span><span style=\"font-weight: 400\"><br \/>\n<\/span><span style=\"font-weight: 400\">\u2192 Amplitud de los espacios.<\/span><span style=\"font-weight: 400\"><br \/>\n<\/span><span style=\"font-weight: 400\">\u2192 Elecci\u00f3n de materiales que aportan calidez.<\/span><\/p>\n<h4><\/h4>\n<h4><strong>Ingreso:<\/strong><\/h4>\n<p><span style=\"font-weight: 400\">\u2192 Ubicaci\u00f3n estrat\u00e9gica.<\/span><span style=\"font-weight: 400\"><br \/>\n<\/span><span style=\"font-weight: 400\">\u2192 Considera el futuro desarrollo de los lotes restantes.<\/span><span style=\"font-weight: 400\"><br \/>\n<\/span><span style=\"font-weight: 400\">\u2192 Amplio, imponente.<\/span><span style=\"font-weight: 400\"><br \/>\n<\/span><span style=\"font-weight: 400\">\u2192 Articulador.<\/span><\/p>\n<h4><\/h4>\n<h4><strong>Integraci\u00f3n vertical:<\/strong><\/h4>\n<p><span style=\"font-weight: 400\">\u2192 Fluidez espacial (interconexi\u00f3n de vac\u00edos).<\/span><span style=\"font-weight: 400\"><br \/>\n<\/span><span style=\"font-weight: 400\">\u2192 Articulaci\u00f3n vertical.<\/span><span style=\"font-weight: 400\"><br \/>\n<\/span><span style=\"font-weight: 400\">\u2192 Circulaci\u00f3n clara y fluida.<\/span><\/p>\n<p>&nbsp;<\/p>\n<p>&nbsp;<br \/>\n[\/et_pb_text][et_pb_video src=&#8221;https:\/\/youtu.be\/h04tvk2n9eg&#8221; _builder_version=&#8221;4.20.2&#8243; _module_preset=&#8221;default&#8221; global_colors_info=&#8221;{}&#8221; theme_builder_area=&#8221;post_content&#8221;][\/et_pb_video][et_pb_gallery gallery_ids=&#8221;1981,1980,1978,1977&#8243; show_title_and_caption=&#8221;off&#8221; show_pagination=&#8221;off&#8221; _builder_version=&#8221;4.27.4&#8243; _module_preset=&#8221;default&#8221; width=&#8221;100%&#8221; module_alignment=&#8221;center&#8221; animation_style=&#8221;slide&#8221; hover_enabled=&#8221;0&#8243; border_radii=&#8221;on|5px|5px|5px|5px&#8221; border_color_all=&#8221;RGBA(255,255,255,0)&#8221; border_style_all=&#8221;none&#8221; border_radii_image=&#8221;on|2px|2px|2px|2px&#8221; box_shadow_style_image=&#8221;preset3&#8243; global_colors_info=&#8221;{}&#8221; theme_builder_area=&#8221;post_content&#8221; sticky_enabled=&#8221;0&#8243;][\/et_pb_gallery][et_pb_divider color=&#8221;#D8DA00&#8243; divider_style=&#8221;dashed&#8221; _builder_version=&#8221;4.20.2&#8243; _module_preset=&#8221;default&#8221; global_colors_info=&#8221;{}&#8221; theme_builder_area=&#8221;post_content&#8221;][\/et_pb_divider][\/et_pb_column][\/et_pb_row][\/et_pb_section]<\/p>\n","protected":false},"excerpt":{"rendered":"<p>En 2022 se realiz\u00f3 el Concurso de Ideas para el Futuro Edificio.\u00a0 El concurso fue privado y no vinculante donde se invit\u00f3 a participar a estudios de primer nivel nacionales e internacionales. Se recibieron cinco propuestas con muy buenas ideas y un alto grado de desarrollo.\u00a0 De este concurso surgieron las ideas rectoras, aquellos conceptos [&hellip;]<\/p>\n","protected":false},"author":239,"featured_media":5800,"comment_status":"closed","ping_status":"open","sticky":false,"template":"","format":"standard","meta":{"_et_pb_use_builder":"on","_et_pb_old_content":"<p><span style=\"font-weight: 400;\">En 2022 se realiz\u00f3 el<\/span><a href=\"https:\/\/youtu.be\/h04tvk2n9eg\" target=\"_blank\" rel=\"noopener\"><b> Concurso de Ideas<\/b><\/a><span style=\"font-weight: 400;\"> para el Futuro Edificio.\u00a0 El concurso fue privado y no vinculante donde s<\/span><span style=\"font-weight: 400;\">e invit\u00f3 a participar a estudios de primer nivel nacionales e internacionales. Se recibieron cinco propuestas con muy buenas ideas y un alto grado de desarrollo.\u00a0<\/span><\/p><p>De este concurso surgieron las ideas rectoras, aquellos conceptos clave que guiar\u00e1n el dise\u00f1o y la funcionalidad del Futuro Edificio. Aspiramos a que la nueva sede logre plasmar la visi\u00f3n y el prop\u00f3sito del ITBA y sea un reflejo de su identidad influyendo en los aspectos como la arquitectura, la distribuci\u00f3n espacial y las muchas caracter\u00edsticas espec\u00edficas que anhelamos para nuestra comunidad.<\/p><blockquote><p><strong><em>\u201cUn edificio est\u00e9ticamente agradable, disruptivo, que se convierta en \u00edcono de la arquitectura universitaria a nivel nacional y regional\u201d<\/em>.<\/strong><\/p><p>Esta es la meta seg\u00fan <strong>Andr\u00e9 Caminoa,<\/strong> Director de Infraestructura de la Unidad Desarrolladora del Futuro Edificio del ITBA.<\/p><\/blockquote><p><span style=\"font-weight: 400;\">La expectativa sobre la nueva sede del ITBA se sustenta en los criterios de tecnolog\u00eda, innovaci\u00f3n, sustentabilidad y encuentro como sus principales ejes. Una cominaci\u00f3n equilibrada y una integraci\u00f3n armoniosa seg\u00fan las <\/span><span style=\"font-weight: 400;\">siguientes caracter\u00edsticas:\u00a0<\/span><\/p><ul><li><strong>Identidad exterior:<\/strong><span style=\"font-weight: 400;\"><br \/><\/span><span style=\"font-weight: 400;\">\u2192 Dise\u00f1o arquitect\u00f3nico de calidad que represente al ITBA.<\/span><span style=\"font-weight: 400;\"><br \/><\/span><span style=\"font-weight: 400;\">\u2192 Innovaci\u00f3n.<\/span><span style=\"font-weight: 400;\"><br \/><\/span><span style=\"font-weight: 400;\">\u2192 Tecnolog\u00eda.<\/span><span style=\"font-weight: 400;\"><br \/><\/span><span style=\"font-weight: 400;\">\u2192 Edificio capaz de ser referente en la ciudad.<\/span><\/li><li><strong>Identidad interior:<\/strong><span style=\"font-weight: 400;\"><br \/><\/span><span style=\"font-weight: 400;\">\u2192 Elecci\u00f3n de materiales que aportan calidez.<\/span><span style=\"font-weight: 400;\"><br \/><\/span><span style=\"font-weight: 400;\">\u2192 Dise\u00f1o de espacios de calidad.<\/span><span style=\"font-weight: 400;\"><br \/><\/span><span style=\"font-weight: 400;\">\u2192 Moderno.<\/span><span style=\"font-weight: 400;\"><br \/><\/span><span style=\"font-weight: 400;\">\u2192 Contempor\u00e1neo.<\/span><span style=\"font-weight: 400;\"><br \/><\/span><span style=\"font-weight: 400;\">\u2192 Perdurable.<\/span><\/li><li><strong>Espacios de encuentro:<\/strong><span style=\"font-weight: 400;\"><br \/><\/span><span style=\"font-weight: 400;\">\u2192 Espacios pensados y dise\u00f1ados para la comunidad.<\/span><span style=\"font-weight: 400;\"><br \/><\/span><span style=\"font-weight: 400;\">\u2192 Considera expansiones verdes en terrazas y lotes contiguos.<\/span><span style=\"font-weight: 400;\"><br \/><\/span><span style=\"font-weight: 400;\">\u2192 Iluminaci\u00f3n natural y visuales hacia la ciudad.<\/span><span style=\"font-weight: 400;\"><br \/><\/span><span style=\"font-weight: 400;\">\u2192 Amplitud de los espacios.<\/span><span style=\"font-weight: 400;\"><br \/><\/span><span style=\"font-weight: 400;\">\u2192 Elecci\u00f3n de materiales que aportan calidez.<\/span><\/li><li><strong>Ingreso:<\/strong><span style=\"font-weight: 400;\"><br \/><\/span><span style=\"font-weight: 400;\">\u2192 Ubicaci\u00f3n estrat\u00e9gica.<\/span><span style=\"font-weight: 400;\"><br \/><\/span><span style=\"font-weight: 400;\">\u2192 Considera el futuro desarrollo de los lotes restantes.<\/span><span style=\"font-weight: 400;\"><br \/><\/span><span style=\"font-weight: 400;\">\u2192 Amplio, imponente.<\/span><span style=\"font-weight: 400;\"><br \/><\/span><span style=\"font-weight: 400;\">\u2192 Articulador.<\/span><\/li><li><strong>Integraci\u00f3n vertical:<\/strong><span style=\"font-weight: 400;\"><br \/><\/span><span style=\"font-weight: 400;\">\u2192 Fluidez espacial (interconexi\u00f3n de vac\u00edos).<\/span><span style=\"font-weight: 400;\"><br \/><\/span><span style=\"font-weight: 400;\">\u2192 Articulaci\u00f3n vertical.<\/span><span style=\"font-weight: 400;\"><br \/><\/span><span style=\"font-weight: 400;\">\u2192 Circulaci\u00f3n clara y fluida.<\/span><\/li><\/ul><p>\u00a0<\/p><p><img class=\"alignnone wp-image-1978\" src=\"https:\/\/campusitba.s3.us-east-1.amazonaws.com\/campusitba\/wp-content\/uploads\/2023\/06\/concurso_2-300x200.jpg\" alt=\"Evento Concurso de Ideas\" width=\"300\" height=\"200\" \/><img class=\"alignnone wp-image-1980\" src=\"https:\/\/campusitba.s3.us-east-1.amazonaws.com\/campusitba\/wp-content\/uploads\/2023\/06\/IMG_9550-300x284.jpg\" alt=\"\" width=\"211\" height=\"200\" \/><img class=\"alignnone size-medium wp-image-1981\" src=\"https:\/\/campusitba.s3.us-east-1.amazonaws.com\/campusitba\/wp-content\/uploads\/2023\/06\/IMG_9679-300x200.jpg\" alt=\"\" width=\"300\" height=\"200\" \/><\/p>","_et_gb_content_width":"","footnotes":""},"categories":[170,188],"tags":[200,284,179,218],"class_list":["post-1972","post","type-post","status-publish","format-standard","has-post-thumbnail","hentry","category-ongoing-es","category-proyecto","tag-anteproyecto-es","tag-concurso-de-ideas-es","tag-diseno-es","tag-proyecto-es"],"yoast_head":"<!-- This site is optimized with the Yoast SEO plugin v27.5 - https:\/\/yoast.com\/product\/yoast-seo-wordpress\/ -->\n<title>Ideas Rectoras para el dise\u00f1o del proyecto del Futuro Edificio - Campus ITBA<\/title>\n<meta name=\"robots\" content=\"index, follow, max-snippet:-1, max-image-preview:large, max-video-preview:-1\" \/>\n<link rel=\"canonical\" href=\"https:\/\/www.itba.edu.ar\/campusitba\/ideas-rectoras-para-el-diseno-del-proyecto-del-futuro-edificio\/\" \/>\n<meta property=\"og:locale\" content=\"es_ES\" \/>\n<meta property=\"og:type\" content=\"article\" \/>\n<meta property=\"og:title\" content=\"Ideas Rectoras para el dise\u00f1o del proyecto del Futuro Edificio - Campus ITBA\" \/>\n<meta property=\"og:description\" content=\"En 2022 se realiz\u00f3 el Concurso de Ideas para el Futuro Edificio.\u00a0 El concurso fue privado y no vinculante donde se invit\u00f3 a participar a estudios de primer nivel nacionales e internacionales. Se recibieron cinco propuestas con muy buenas ideas y un alto grado de desarrollo.\u00a0 De este concurso surgieron las ideas rectoras, aquellos conceptos [&hellip;]\" \/>\n<meta property=\"og:url\" content=\"https:\/\/www.itba.edu.ar\/campusitba\/ideas-rectoras-para-el-diseno-del-proyecto-del-futuro-edificio\/\" \/>\n<meta property=\"og:site_name\" content=\"Campus ITBA\" \/>\n<meta property=\"article:published_time\" content=\"2023-06-28T19:07:50+00:00\" \/>\n<meta property=\"article:modified_time\" content=\"2025-10-13T19:56:58+00:00\" \/>\n<meta property=\"og:image\" content=\"https:\/\/campusitba.s3.amazonaws.com\/campusitba\/wp-content\/uploads\/2025\/09\/Concurso-de-Ideas.jpg\" \/>\n\t<meta property=\"og:image:width\" content=\"1024\" \/>\n\t<meta property=\"og:image:height\" content=\"486\" \/>\n\t<meta property=\"og:image:type\" content=\"image\/jpeg\" \/>\n<meta name=\"author\" content=\"vmasini\" \/>\n<meta name=\"twitter:card\" content=\"summary_large_image\" \/>\n<meta name=\"twitter:label1\" content=\"Escrito por\" \/>\n\t<meta name=\"twitter:data1\" content=\"vmasini\" \/>\n\t<meta name=\"twitter:label2\" content=\"Tiempo de lectura\" \/>\n\t<meta name=\"twitter:data2\" content=\"3 minutos\" \/>\n<script type=\"application\/ld+json\" class=\"yoast-schema-graph\">{\"@context\":\"https:\\\/\\\/schema.org\",\"@graph\":[{\"@type\":\"Article\",\"@id\":\"https:\\\/\\\/www.itba.edu.ar\\\/campusitba\\\/ideas-rectoras-para-el-diseno-del-proyecto-del-futuro-edificio\\\/#article\",\"isPartOf\":{\"@id\":\"https:\\\/\\\/www.itba.edu.ar\\\/campusitba\\\/ideas-rectoras-para-el-diseno-del-proyecto-del-futuro-edificio\\\/\"},\"author\":{\"name\":\"vmasini\",\"@id\":\"https:\\\/\\\/www.itba.edu.ar\\\/campusitba\\\/#\\\/schema\\\/person\\\/d6a44ec7f1cf5ac153bb1dd5036f8fc1\"},\"headline\":\"Ideas Rectoras para el dise\u00f1o del proyecto del Futuro Edificio\",\"datePublished\":\"2023-06-28T19:07:50+00:00\",\"dateModified\":\"2025-10-13T19:56:58+00:00\",\"mainEntityOfPage\":{\"@id\":\"https:\\\/\\\/www.itba.edu.ar\\\/campusitba\\\/ideas-rectoras-para-el-diseno-del-proyecto-del-futuro-edificio\\\/\"},\"wordCount\":557,\"publisher\":{\"@id\":\"https:\\\/\\\/www.itba.edu.ar\\\/campusitba\\\/#organization\"},\"image\":{\"@id\":\"https:\\\/\\\/www.itba.edu.ar\\\/campusitba\\\/ideas-rectoras-para-el-diseno-del-proyecto-del-futuro-edificio\\\/#primaryimage\"},\"thumbnailUrl\":\"https:\\\/\\\/www.itba.edu.ar\\\/campusitba\\\/wp-content\\\/uploads\\\/2025\\\/09\\\/Concurso-de-Ideas.jpg\",\"keywords\":[\"Anteproyecto\",\"Concurso de Ideas\",\"Dise\u00f1o\",\"Proyecto\"],\"articleSection\":[\"Ongoing\",\"Proyecto Arquitect\u00f3nico\"],\"inLanguage\":\"es-AR\"},{\"@type\":\"WebPage\",\"@id\":\"https:\\\/\\\/www.itba.edu.ar\\\/campusitba\\\/ideas-rectoras-para-el-diseno-del-proyecto-del-futuro-edificio\\\/\",\"url\":\"https:\\\/\\\/www.itba.edu.ar\\\/campusitba\\\/ideas-rectoras-para-el-diseno-del-proyecto-del-futuro-edificio\\\/\",\"name\":\"Ideas Rectoras para el dise\u00f1o del proyecto del Futuro Edificio - Campus ITBA\",\"isPartOf\":{\"@id\":\"https:\\\/\\\/www.itba.edu.ar\\\/campusitba\\\/#website\"},\"primaryImageOfPage\":{\"@id\":\"https:\\\/\\\/www.itba.edu.ar\\\/campusitba\\\/ideas-rectoras-para-el-diseno-del-proyecto-del-futuro-edificio\\\/#primaryimage\"},\"image\":{\"@id\":\"https:\\\/\\\/www.itba.edu.ar\\\/campusitba\\\/ideas-rectoras-para-el-diseno-del-proyecto-del-futuro-edificio\\\/#primaryimage\"},\"thumbnailUrl\":\"https:\\\/\\\/www.itba.edu.ar\\\/campusitba\\\/wp-content\\\/uploads\\\/2025\\\/09\\\/Concurso-de-Ideas.jpg\",\"datePublished\":\"2023-06-28T19:07:50+00:00\",\"dateModified\":\"2025-10-13T19:56:58+00:00\",\"breadcrumb\":{\"@id\":\"https:\\\/\\\/www.itba.edu.ar\\\/campusitba\\\/ideas-rectoras-para-el-diseno-del-proyecto-del-futuro-edificio\\\/#breadcrumb\"},\"inLanguage\":\"es-AR\",\"potentialAction\":[{\"@type\":\"ReadAction\",\"target\":[\"https:\\\/\\\/www.itba.edu.ar\\\/campusitba\\\/ideas-rectoras-para-el-diseno-del-proyecto-del-futuro-edificio\\\/\"]}]},{\"@type\":\"ImageObject\",\"inLanguage\":\"es-AR\",\"@id\":\"https:\\\/\\\/www.itba.edu.ar\\\/campusitba\\\/ideas-rectoras-para-el-diseno-del-proyecto-del-futuro-edificio\\\/#primaryimage\",\"url\":\"https:\\\/\\\/www.itba.edu.ar\\\/campusitba\\\/wp-content\\\/uploads\\\/2025\\\/09\\\/Concurso-de-Ideas.jpg\",\"contentUrl\":\"https:\\\/\\\/www.itba.edu.ar\\\/campusitba\\\/wp-content\\\/uploads\\\/2025\\\/09\\\/Concurso-de-Ideas.jpg\",\"width\":1024,\"height\":486},{\"@type\":\"BreadcrumbList\",\"@id\":\"https:\\\/\\\/www.itba.edu.ar\\\/campusitba\\\/ideas-rectoras-para-el-diseno-del-proyecto-del-futuro-edificio\\\/#breadcrumb\",\"itemListElement\":[{\"@type\":\"ListItem\",\"position\":1,\"name\":\"Inicio\",\"item\":\"https:\\\/\\\/www.itba.edu.ar\\\/campusitba\\\/\"},{\"@type\":\"ListItem\",\"position\":2,\"name\":\"Ideas Rectoras para el dise\u00f1o del proyecto del Futuro Edificio\"}]},{\"@type\":\"WebSite\",\"@id\":\"https:\\\/\\\/www.itba.edu.ar\\\/campusitba\\\/#website\",\"url\":\"https:\\\/\\\/www.itba.edu.ar\\\/campusitba\\\/\",\"name\":\"Campus ITBA\",\"description\":\"El futuro se construye. La ingenier\u00eda evoluciona.\",\"publisher\":{\"@id\":\"https:\\\/\\\/www.itba.edu.ar\\\/campusitba\\\/#organization\"},\"potentialAction\":[{\"@type\":\"SearchAction\",\"target\":{\"@type\":\"EntryPoint\",\"urlTemplate\":\"https:\\\/\\\/www.itba.edu.ar\\\/campusitba\\\/?s={search_term_string}\"},\"query-input\":{\"@type\":\"PropertyValueSpecification\",\"valueRequired\":true,\"valueName\":\"search_term_string\"}}],\"inLanguage\":\"es-AR\"},{\"@type\":\"Organization\",\"@id\":\"https:\\\/\\\/www.itba.edu.ar\\\/campusitba\\\/#organization\",\"name\":\"Campus ITBA\",\"url\":\"https:\\\/\\\/www.itba.edu.ar\\\/campusitba\\\/\",\"logo\":{\"@type\":\"ImageObject\",\"inLanguage\":\"es-AR\",\"@id\":\"https:\\\/\\\/www.itba.edu.ar\\\/campusitba\\\/#\\\/schema\\\/logo\\\/image\\\/\",\"url\":\"https:\\\/\\\/campusitba.s3.amazonaws.com\\\/campusitba\\\/wp-content\\\/uploads\\\/2025\\\/09\\\/LOGO-CAMPUS-ITBA-RGB-01.png\",\"contentUrl\":\"https:\\\/\\\/campusitba.s3.amazonaws.com\\\/campusitba\\\/wp-content\\\/uploads\\\/2025\\\/09\\\/LOGO-CAMPUS-ITBA-RGB-01.png\",\"width\":1374,\"height\":400,\"caption\":\"Campus ITBA\"},\"image\":{\"@id\":\"https:\\\/\\\/www.itba.edu.ar\\\/campusitba\\\/#\\\/schema\\\/logo\\\/image\\\/\"},\"sameAs\":[\"https:\\\/\\\/www.instagram.com\\\/campusitba\\\/\"]},{\"@type\":\"Person\",\"@id\":\"https:\\\/\\\/www.itba.edu.ar\\\/campusitba\\\/#\\\/schema\\\/person\\\/d6a44ec7f1cf5ac153bb1dd5036f8fc1\",\"name\":\"vmasini\",\"url\":\"https:\\\/\\\/www.itba.edu.ar\\\/campusitba\\\/author\\\/vmasini\\\/\"}]}<\/script>\n<!-- \/ Yoast SEO plugin. -->","yoast_head_json":{"title":"Ideas Rectoras para el dise\u00f1o del proyecto del Futuro Edificio - Campus ITBA","robots":{"index":"index","follow":"follow","max-snippet":"max-snippet:-1","max-image-preview":"max-image-preview:large","max-video-preview":"max-video-preview:-1"},"canonical":"https:\/\/www.itba.edu.ar\/campusitba\/ideas-rectoras-para-el-diseno-del-proyecto-del-futuro-edificio\/","og_locale":"es_ES","og_type":"article","og_title":"Ideas Rectoras para el dise\u00f1o del proyecto del Futuro Edificio - Campus ITBA","og_description":"En 2022 se realiz\u00f3 el Concurso de Ideas para el Futuro Edificio.\u00a0 El concurso fue privado y no vinculante donde se invit\u00f3 a participar a estudios de primer nivel nacionales e internacionales. Se recibieron cinco propuestas con muy buenas ideas y un alto grado de desarrollo.\u00a0 De este concurso surgieron las ideas rectoras, aquellos conceptos [&hellip;]","og_url":"https:\/\/www.itba.edu.ar\/campusitba\/ideas-rectoras-para-el-diseno-del-proyecto-del-futuro-edificio\/","og_site_name":"Campus ITBA","article_published_time":"2023-06-28T19:07:50+00:00","article_modified_time":"2025-10-13T19:56:58+00:00","og_image":[{"width":1024,"height":486,"url":"https:\/\/campusitba.s3.amazonaws.com\/campusitba\/wp-content\/uploads\/2025\/09\/Concurso-de-Ideas.jpg","type":"image\/jpeg"}],"author":"vmasini","twitter_card":"summary_large_image","twitter_misc":{"Escrito por":"vmasini","Tiempo de lectura":"3 minutos"},"schema":{"@context":"https:\/\/schema.org","@graph":[{"@type":"Article","@id":"https:\/\/www.itba.edu.ar\/campusitba\/ideas-rectoras-para-el-diseno-del-proyecto-del-futuro-edificio\/#article","isPartOf":{"@id":"https:\/\/www.itba.edu.ar\/campusitba\/ideas-rectoras-para-el-diseno-del-proyecto-del-futuro-edificio\/"},"author":{"name":"vmasini","@id":"https:\/\/www.itba.edu.ar\/campusitba\/#\/schema\/person\/d6a44ec7f1cf5ac153bb1dd5036f8fc1"},"headline":"Ideas Rectoras para el dise\u00f1o del proyecto del Futuro Edificio","datePublished":"2023-06-28T19:07:50+00:00","dateModified":"2025-10-13T19:56:58+00:00","mainEntityOfPage":{"@id":"https:\/\/www.itba.edu.ar\/campusitba\/ideas-rectoras-para-el-diseno-del-proyecto-del-futuro-edificio\/"},"wordCount":557,"publisher":{"@id":"https:\/\/www.itba.edu.ar\/campusitba\/#organization"},"image":{"@id":"https:\/\/www.itba.edu.ar\/campusitba\/ideas-rectoras-para-el-diseno-del-proyecto-del-futuro-edificio\/#primaryimage"},"thumbnailUrl":"https:\/\/www.itba.edu.ar\/campusitba\/wp-content\/uploads\/2025\/09\/Concurso-de-Ideas.jpg","keywords":["Anteproyecto","Concurso de Ideas","Dise\u00f1o","Proyecto"],"articleSection":["Ongoing","Proyecto Arquitect\u00f3nico"],"inLanguage":"es-AR"},{"@type":"WebPage","@id":"https:\/\/www.itba.edu.ar\/campusitba\/ideas-rectoras-para-el-diseno-del-proyecto-del-futuro-edificio\/","url":"https:\/\/www.itba.edu.ar\/campusitba\/ideas-rectoras-para-el-diseno-del-proyecto-del-futuro-edificio\/","name":"Ideas Rectoras para el dise\u00f1o del proyecto del Futuro Edificio - Campus ITBA","isPartOf":{"@id":"https:\/\/www.itba.edu.ar\/campusitba\/#website"},"primaryImageOfPage":{"@id":"https:\/\/www.itba.edu.ar\/campusitba\/ideas-rectoras-para-el-diseno-del-proyecto-del-futuro-edificio\/#primaryimage"},"image":{"@id":"https:\/\/www.itba.edu.ar\/campusitba\/ideas-rectoras-para-el-diseno-del-proyecto-del-futuro-edificio\/#primaryimage"},"thumbnailUrl":"https:\/\/www.itba.edu.ar\/campusitba\/wp-content\/uploads\/2025\/09\/Concurso-de-Ideas.jpg","datePublished":"2023-06-28T19:07:50+00:00","dateModified":"2025-10-13T19:56:58+00:00","breadcrumb":{"@id":"https:\/\/www.itba.edu.ar\/campusitba\/ideas-rectoras-para-el-diseno-del-proyecto-del-futuro-edificio\/#breadcrumb"},"inLanguage":"es-AR","potentialAction":[{"@type":"ReadAction","target":["https:\/\/www.itba.edu.ar\/campusitba\/ideas-rectoras-para-el-diseno-del-proyecto-del-futuro-edificio\/"]}]},{"@type":"ImageObject","inLanguage":"es-AR","@id":"https:\/\/www.itba.edu.ar\/campusitba\/ideas-rectoras-para-el-diseno-del-proyecto-del-futuro-edificio\/#primaryimage","url":"https:\/\/www.itba.edu.ar\/campusitba\/wp-content\/uploads\/2025\/09\/Concurso-de-Ideas.jpg","contentUrl":"https:\/\/www.itba.edu.ar\/campusitba\/wp-content\/uploads\/2025\/09\/Concurso-de-Ideas.jpg","width":1024,"height":486},{"@type":"BreadcrumbList","@id":"https:\/\/www.itba.edu.ar\/campusitba\/ideas-rectoras-para-el-diseno-del-proyecto-del-futuro-edificio\/#breadcrumb","itemListElement":[{"@type":"ListItem","position":1,"name":"Inicio","item":"https:\/\/www.itba.edu.ar\/campusitba\/"},{"@type":"ListItem","position":2,"name":"Ideas Rectoras para el dise\u00f1o del proyecto del Futuro Edificio"}]},{"@type":"WebSite","@id":"https:\/\/www.itba.edu.ar\/campusitba\/#website","url":"https:\/\/www.itba.edu.ar\/campusitba\/","name":"Campus ITBA","description":"El futuro se construye. La ingenier\u00eda evoluciona.","publisher":{"@id":"https:\/\/www.itba.edu.ar\/campusitba\/#organization"},"potentialAction":[{"@type":"SearchAction","target":{"@type":"EntryPoint","urlTemplate":"https:\/\/www.itba.edu.ar\/campusitba\/?s={search_term_string}"},"query-input":{"@type":"PropertyValueSpecification","valueRequired":true,"valueName":"search_term_string"}}],"inLanguage":"es-AR"},{"@type":"Organization","@id":"https:\/\/www.itba.edu.ar\/campusitba\/#organization","name":"Campus ITBA","url":"https:\/\/www.itba.edu.ar\/campusitba\/","logo":{"@type":"ImageObject","inLanguage":"es-AR","@id":"https:\/\/www.itba.edu.ar\/campusitba\/#\/schema\/logo\/image\/","url":"https:\/\/campusitba.s3.amazonaws.com\/campusitba\/wp-content\/uploads\/2025\/09\/LOGO-CAMPUS-ITBA-RGB-01.png","contentUrl":"https:\/\/campusitba.s3.amazonaws.com\/campusitba\/wp-content\/uploads\/2025\/09\/LOGO-CAMPUS-ITBA-RGB-01.png","width":1374,"height":400,"caption":"Campus ITBA"},"image":{"@id":"https:\/\/www.itba.edu.ar\/campusitba\/#\/schema\/logo\/image\/"},"sameAs":["https:\/\/www.instagram.com\/campusitba\/"]},{"@type":"Person","@id":"https:\/\/www.itba.edu.ar\/campusitba\/#\/schema\/person\/d6a44ec7f1cf5ac153bb1dd5036f8fc1","name":"vmasini","url":"https:\/\/www.itba.edu.ar\/campusitba\/author\/vmasini\/"}]}},"_links":{"self":[{"href":"https:\/\/www.itba.edu.ar\/campusitba\/wp-json\/wp\/v2\/posts\/1972","targetHints":{"allow":["GET"]}}],"collection":[{"href":"https:\/\/www.itba.edu.ar\/campusitba\/wp-json\/wp\/v2\/posts"}],"about":[{"href":"https:\/\/www.itba.edu.ar\/campusitba\/wp-json\/wp\/v2\/types\/post"}],"author":[{"embeddable":true,"href":"https:\/\/www.itba.edu.ar\/campusitba\/wp-json\/wp\/v2\/users\/239"}],"replies":[{"embeddable":true,"href":"https:\/\/www.itba.edu.ar\/campusitba\/wp-json\/wp\/v2\/comments?post=1972"}],"version-history":[{"count":18,"href":"https:\/\/www.itba.edu.ar\/campusitba\/wp-json\/wp\/v2\/posts\/1972\/revisions"}],"predecessor-version":[{"id":6334,"href":"https:\/\/www.itba.edu.ar\/campusitba\/wp-json\/wp\/v2\/posts\/1972\/revisions\/6334"}],"wp:featuredmedia":[{"embeddable":true,"href":"https:\/\/www.itba.edu.ar\/campusitba\/wp-json\/wp\/v2\/media\/5800"}],"wp:attachment":[{"href":"https:\/\/www.itba.edu.ar\/campusitba\/wp-json\/wp\/v2\/media?parent=1972"}],"wp:term":[{"taxonomy":"category","embeddable":true,"href":"https:\/\/www.itba.edu.ar\/campusitba\/wp-json\/wp\/v2\/categories?post=1972"},{"taxonomy":"post_tag","embeddable":true,"href":"https:\/\/www.itba.edu.ar\/campusitba\/wp-json\/wp\/v2\/tags?post=1972"}],"curies":[{"name":"wp","href":"https:\/\/api.w.org\/{rel}","templated":true}]}}